{"id":130074,"date":"2021-10-14T20:26:08","date_gmt":"2021-10-15T00:26:08","guid":{"rendered":"https:\/\/linitiative.ca\/International\/ministere-de-la-defense-nationale-et-des-anciens-combattants-le-gal-de-brigade-aime-b-kabore-prend-les-renes\/"},"modified":"2021-10-14T20:26:08","modified_gmt":"2021-10-15T00:26:08","slug":"ministere-de-la-defense-nationale-et-des-anciens-combattants-le-gal-de-brigade-aime-b-kabore-prend-les-renes","status":"publish","type":"post","link":"https:\/\/linitiative.ca\/International\/ministere-de-la-defense-nationale-et-des-anciens-combattants-le-gal-de-brigade-aime-b-kabore-prend-les-renes\/","title":{"rendered":"Minist\u00e8re de la D\u00e9fense nationale et des anciens combattants : Le Gal de brigade, Aim\u00e9 B. Kabor\u00e9, prend les r\u00eanes"},"content":{"rendered":"<div>\n<p>De ministre d\u00e9l\u00e9gu\u00e9 aupr\u00e8s du pr\u00e9sident Faso charg\u00e9 de la D\u00e9fense nationale et des Anciens combattants, le G\u00e9n\u00e9ral de brigade, Aim\u00e9 Barth\u00e9l\u00e9my Kabor\u00e9 devient ministre plein dudit d\u00e9partement. Par d\u00e9cret N\u00b02021-1011\/PRES\/PM du jeudi 14 octobre 2021 portant nomination du ministre de la D\u00e9fense nationale et des Anciens combattants, le pr\u00e9sident du Faso, Roch Marc Christian Kabor\u00e9 l\u2019a nomm\u00e9 ministre de la D\u00e9fense nationale et des Anciens combattants.<\/p>\n<p>Ainsi le chef de l\u2019Etat se d\u00e9charge de ce portefeuille qu\u2019il d\u00e9tenait depuis le remaniement minist\u00e9riel en juin dernier. Cette nomination du Gal de brigade, Aim\u00e9 Barth\u00e9l\u00e9my Kabor\u00e9 intervient quelques jours apr\u00e8s des changements \u00e0 la t\u00eate du commandement militaire.<\/p>\n<p style=\"text-align: right\"><strong>La r\u00e9daction<\/strong><\/p>\n<p>Cliquez ci-dessous pour lire le d\u00e9cret.<\/p>\n<p><a href=\"https:\/\/www.sidwaya.info\/wp-content\/uploads\/2021\/10\/De%CC%81cret_PRES_2021-1011-portant-nomination-du-Ministre-de-la-De%CC%81fense-nationale-et-des-anciens-Combattants.pdf\">De\u0301cret_PRES_2021-1011 portant nomination du Ministre de la De\u0301fense nationale et des anciens Combattants<\/a><\/p>\n<p>L\u2019article <a rel=\"nofollow\" href=\"https:\/\/www.sidwaya.info\/blog\/2021\/10\/15\/ministere-de-la-defense-nationale-et-des-anciens-combattants-le-gal-de-brigade-aime-b-kabore-prend-les-renes\/\">Minist\u00e8re de la D\u00e9fense nationale et des anciens combattants : Le Gal de brigade, Aim\u00e9 B. Kabor\u00e9, prend les r\u00eanes<\/a> est apparu en premier sur <a rel=\"nofollow\" href=\"https:\/\/www.sidwaya.info\/\">Quotidien Sidwaya<\/a>.<\/p>\n<\/div>\n<p>Auteur: JK. Sidwaya<br \/>\n<a href=\"https:\/\/www.sidwaya.info\/blog\/2021\/10\/15\/ministere-de-la-defense-nationale-et-des-anciens-combattants-le-gal-de-brigade-aime-b-kabore-prend-les-renes\/\">Cliquez ici pour lire l&rsquo;article depuis sa source.<\/a><\/p>\n","protected":false},"excerpt":{"rendered":"<p>De ministre d\u00e9l\u00e9gu\u00e9 aupr\u00e8s du pr\u00e9sident Faso charg\u00e9 de la D\u00e9fense nationale et des Anciens combattants, le G\u00e9n\u00e9ral de brigade, Aim\u00e9 Barth\u00e9l\u00e9my Kabor\u00e9 devient ministre plein dudit d\u00e9partement. Par d\u00e9cret N\u00b02021-1011\/PRES\/PM du jeudi 14 octobre 2021 portant nomination du ministre de la D\u00e9fense nationale et des Anciens combattants, le pr\u00e9sident du Faso, Roch Marc Christian [&hellip;]<\/p>\n","protected":false},"author":1816,"featured_media":0,"comment_status":"closed","ping_status":"closed","sticky":false,"template":"","format":"standard","meta":{"fifu_image_url":"","fifu_image_alt":"","footnotes":""},"categories":[73,81],"tags":[],"class_list":["post-130074","post","type-post","status-publish","format-standard","hentry","category-actualite","category-burkina-faso"],"_links":{"self":[{"href":"https:\/\/linitiative.ca\/International\/wp-json\/wp\/v2\/posts\/130074","targetHints":{"allow":["GET"]}}],"collection":[{"href":"https:\/\/linitiative.ca\/International\/wp-json\/wp\/v2\/posts"}],"about":[{"href":"https:\/\/linitiative.ca\/International\/wp-json\/wp\/v2\/types\/post"}],"author":[{"embeddable":true,"href":"https:\/\/linitiative.ca\/International\/wp-json\/wp\/v2\/users\/1816"}],"replies":[{"embeddable":true,"href":"https:\/\/linitiative.ca\/International\/wp-json\/wp\/v2\/comments?post=130074"}],"version-history":[{"count":0,"href":"https:\/\/linitiative.ca\/International\/wp-json\/wp\/v2\/posts\/130074\/revisions"}],"wp:attachment":[{"href":"https:\/\/linitiative.ca\/International\/wp-json\/wp\/v2\/media?parent=130074"}],"wp:term":[{"taxonomy":"category","embeddable":true,"href":"https:\/\/linitiative.ca\/International\/wp-json\/wp\/v2\/categories?post=130074"},{"taxonomy":"post_tag","embeddable":true,"href":"https:\/\/linitiative.ca\/International\/wp-json\/wp\/v2\/tags?post=130074"}],"curies":[{"name":"wp","href":"https:\/\/api.w.org\/{rel}","templated":true}]}}