{"id":130078,"date":"2021-10-14T20:58:54","date_gmt":"2021-10-15T00:58:54","guid":{"rendered":"https:\/\/linitiative.ca\/International\/preparatifs-du-fespaco-2021-les-commissions-font-le-point\/"},"modified":"2021-10-14T20:58:54","modified_gmt":"2021-10-15T00:58:54","slug":"preparatifs-du-fespaco-2021-les-commissions-font-le-point","status":"publish","type":"post","link":"https:\/\/linitiative.ca\/International\/preparatifs-du-fespaco-2021-les-commissions-font-le-point\/","title":{"rendered":"Pr\u00e9paratifs du FESPACO 2021 : Les commissions font le point"},"content":{"rendered":"<div>\n<p><strong>Demain, 16 octobre 2021, Ouagadougou va accueillir durant une semaine la f\u00eate du cin\u00e9ma africain. Plusieurs commissions ont travaill\u00e9 d\u2019arrache-pied pour la r\u00e9ussite de la 27e \u00e9dition du Festival panafricain du cin\u00e9ma de Ouagadougou. Sidwaya a rencontr\u00e9 quelques \u00ab ouvriers \u00bb de l\u2019\u00e9dition 2021 du FESPACO. <\/strong><\/p>\n<p><strong>Le pr\u00e9sident de la commission infrastructures et \u00e9quipements, Diallo Patrice : \u00ab Tous les \u00e9quipements pour un FESPACO r\u00e9ussi seront install\u00e9s \u00bb <\/strong><\/p>\n<p>\u00ab La mission de la commission infrastructures et \u00e9quipements consiste d\u2019abord \u00e0 \u00e9quiper toutes les commissions en mat\u00e9riel dont ils ont besoin. Elle doit aussi r\u00e9ussir les projections <img decoding=\"async\" loading=\"lazy\" class=\"size-medium wp-image-40804 alignleft\" src=\"https:\/\/linitiative.ca\/International\/wp-content\/uploads\/sites\/23\/2021\/10\/commi1-300x202-1.gif\" alt=\"\" width=\"300\" height=\"202\" srcset=\"https:\/\/linitiative.ca\/International\/wp-content\/uploads\/sites\/23\/2021\/10\/commi1-300x202-1.gif 300w, https:\/\/www.sidwaya.info\/wp-content\/uploads\/2021\/10\/commi1-150x101.gif 150w\" sizes=\"auto, (max-width: 300px) 100vw, 300px\">dans les salles de cin\u00e9ma, en les dotant de projecteurs num\u00e9riques afin d\u2019assurer une qualit\u00e9 d\u2019image et de son qui respecte les standards internationaux. Nous avons acquis des projecteurs num\u00e9riques DCP et toutes les salles sont pr\u00eates pour des projections qui respectent les standards internationaux. Il faut dire que nous travaillons depuis le mois d\u2019avril \u00e0 r\u00e9ussir l\u2019\u00e9dition. Le montage des chapiteaux dans la cour du FESPACO rel\u00e8ve de la mission de la commission infrastructures et \u00e9quipements. Je suis confiant que tous les \u00e9quipements, pour un FESPACO r\u00e9ussi, seront install\u00e9s dans les d\u00e9lais, car tout se d\u00e9roule bien selon le plan \u00e9labor\u00e9 par la commission infrastructures et \u00e9quipements.<\/p>\n<hr>\n<p><strong>Ousmane Boundaon\u00e9, pr\u00e9sident de la commission programmation des films : \u00ab La section Sukab\u00e8 est l\u2019une des grandes innovations de cette \u00e9dition \u00bb<\/strong><\/p>\n<p>\u00ab La s\u00e9lection officielle de la 27e \u00e9dition du FESPACO compte 239 films. Tous les films connaissent leur r\u00e9partition dans les 11 salles identifi\u00e9es par la d\u00e9l\u00e9gation g\u00e9n\u00e9rale. En plus, deux espaces en \u00ab open air \u00bb vont aussi accueillir des projections. Sur les 11 salles retenues, certaines vont accueillir uniquement les films en comp\u00e9tition. La comp\u00e9tition <img decoding=\"async\" loading=\"lazy\" class=\"size-medium wp-image-40807 alignleft\" src=\"https:\/\/linitiative.ca\/International\/wp-content\/uploads\/sites\/23\/2021\/10\/ws-300x186-1.gif\" alt=\"\" width=\"300\" height=\"186\" srcset=\"https:\/\/linitiative.ca\/International\/wp-content\/uploads\/sites\/23\/2021\/10\/ws-300x186-1.gif 300w, https:\/\/www.sidwaya.info\/wp-content\/uploads\/2021\/10\/ws-150x93.gif 150w, https:\/\/www.sidwaya.info\/wp-content\/uploads\/2021\/10\/ws-678x420.gif 678w, https:\/\/www.sidwaya.info\/wp-content\/uploads\/2021\/10\/ws-356x220.gif 356w\" sizes=\"auto, (max-width: 300px) 100vw, 300px\">concerne le long m\u00e9trage fiction (15 films), le documentaire (17 films), la section Burkina dot\u00e9e du prix du pr\u00e9sident du Faso (8 films), la s\u00e9rie TV (13films), les films d\u2019animation (29 films), court m\u00e9trage fiction et documentaire (29films), la perspective dot\u00e9e du prix du pr\u00e9sident du S\u00e9n\u00e9gal (13 films). Il y a d\u2019autres films dans la section panorama, qui regroupe des films du monde produits par des africains. La section Sukab\u00e8 (enfant en fulfuld\u00e9) d\u00e9di\u00e9e \u00e0 la jeunesse fait partie des grandes innovations de cette \u00e9dition. Elle regroupe des films de la s\u00e9lection officielle qui ont \u00e9t\u00e9 identifi\u00e9s comme r\u00e9pondant au besoin du public jeune. Depuis un certain temps il y avait une certaine ambigu\u00eft\u00e9 selon laquelle pour les jeunes, il faut des films d\u2019animation alors qu\u2019il y a des films de fiction ou documentaire qui sont bien \u00e0 la port\u00e9e des jeunes. La section Sukab\u00e8 est install\u00e9e au centre de d\u00e9veloppement chor\u00e9graphique la Termiti\u00e8re. Cet espace ne va pas seulement accueillir des projections. Beaucoup d\u2019activit\u00e9s d\u00e9di\u00e9es aux jeunes, notamment des ateliers de r\u00e9alit\u00e9 virtuelle, les impressions 3D, les robots\u2026 L\u2019ambition est de proposer aux jeunes des activit\u00e9s qui encontrent leurs centres d\u2019int\u00e9r\u00eat et d\u2019identifier les niches pour l\u2019industrie cin\u00e9matographique. L\u2019avenir du cin\u00e9ma se trouve dans les films d\u2019animation mais surtout les jeux vid\u00e9o. Le FESPACO est aussi connect\u00e9 au 2.0 \u00bb.<\/p>\n<hr>\n<p><strong> La pr\u00e9sidente de la commission accr\u00e9ditation et relation publique, Lucie Tiendreb\u00e9ogo : \u00ab Tous ceux qui se sont inscrits auront leur badge \u00bb<\/strong><\/p>\n<p><img decoding=\"async\" loading=\"lazy\" class=\"size-medium wp-image-40808 alignleft\" src=\"https:\/\/linitiative.ca\/International\/wp-content\/uploads\/sites\/23\/2021\/10\/ed-300x197-1.gif\" alt=\"\" width=\"300\" height=\"197\" srcset=\"https:\/\/linitiative.ca\/International\/wp-content\/uploads\/sites\/23\/2021\/10\/ed-300x197-1.gif 300w, https:\/\/www.sidwaya.info\/wp-content\/uploads\/2021\/10\/ed-150x98.gif 150w\" sizes=\"auto, (max-width: 300px) 100vw, 300px\">\u00ab Nous sommes charg\u00e9s d\u2019accr\u00e9diter les festivaliers pour la manifestation. Nous accr\u00e9ditons les professionnels du cin\u00e9ma dans tous les secteurs, la presse, les personnes invit\u00e9es du festival et les personnes-ressources. On peut consid\u00e9rer que nous avons fait au moins 80% du travail, cela repr\u00e9sente environ 8000 accr\u00e9ditations. Tous ceux qui se sont inscrits auront leurs badges, nous avons donc commenc\u00e9 \u00e0 remettre les badges \u00e0 la presse, puis ce sera au tour des professionnels du m\u00e9tier et enfin aux invit\u00e9s \u00bb.<\/p>\n<hr>\n<p><strong> Le Pr\u00e9sident de la commission jury officiel Amadou Sond\u00e9 : \u00ab Le 1er membre de jury est arriv\u00e9 le 13 octobre 2021 \u00bb<\/strong><\/p>\n<p>\u00ab Les 239 films en comp\u00e9tition sont r\u00e9partis en 7 sections. Il y a donc 7 jurys \u00e0 savoir : fiction, documentaire, court m\u00e9trage, s\u00e9rie, animation, section Burkina, section perspective. Il faut noter que le jury du long m\u00e9trage fiction est compos\u00e9 de 7 membres et <img decoding=\"async\" loading=\"lazy\" class=\"size-medium wp-image-40805 alignleft\" src=\"https:\/\/linitiative.ca\/International\/wp-content\/uploads\/sites\/23\/2021\/10\/sonde-300x200-1.gif\" alt=\"\" width=\"300\" height=\"200\" srcset=\"https:\/\/linitiative.ca\/International\/wp-content\/uploads\/sites\/23\/2021\/10\/sonde-300x200-1.gif 300w, https:\/\/www.sidwaya.info\/wp-content\/uploads\/2021\/10\/sonde-768x512.gif 768w, https:\/\/www.sidwaya.info\/wp-content\/uploads\/2021\/10\/sonde-150x100.gif 150w, https:\/\/www.sidwaya.info\/wp-content\/uploads\/2021\/10\/sonde-696x464.gif 696w, https:\/\/www.sidwaya.info\/wp-content\/uploads\/2021\/10\/sonde-630x420.gif 630w\" sizes=\"auto, (max-width: 300px) 100vw, 300px\">les autres de 5. La mission de la commission consiste d\u2019abord, \u00e0 communiquer avec l\u2019ensemble des 37 membres de jury, avant leur arriv\u00e9e \u00e0 Ouagadougou pour certains. Nous mettons \u00e0 leur disposition plusieurs informations telles que les plans de vol et d\u2019h\u00e9bergement, la programmation des films dans les diff\u00e9rentes salles, car les membres de jury doivent regarder les films dans les salles. Le programme g\u00e9n\u00e9ral du FESPACO est aussi communiqu\u00e9 aux diff\u00e9rents jurys, car leurs membres doivent prendre part aux c\u00e9r\u00e9monies d\u2019ouverture et de cl\u00f4ture officielles. A leur arriv\u00e9e \u00e0 Ouagadougou, nous sommes charg\u00e9s de les accueillir avec nos coll\u00e8gues de la commission voyage et h\u00e9bergement et de faire en sorte qu\u2019ils logent tous dans le m\u00eame h\u00f4tel. Toute la semaine nous sommes aux petits soins pour leur permettre de visionner les films dans les salles, surtout vers la fin. Nous pouvons organiser des projections suppl\u00e9mentaires pour leur permettre de d\u00e9lib\u00e9rer le vendredi soir au plus tard. Les jurys mettent g\u00e9n\u00e9ralement les r\u00e9sultats des d\u00e9lib\u00e9rations sous enveloppes scell\u00e9es et g\u00e9n\u00e9ralement nous appelons le d\u00e9l\u00e9gu\u00e9 g\u00e9n\u00e9ral du FESPACO pour les r\u00e9ceptionner. Le 1er membre de jury est arriv\u00e9 le 13 octobre 2021\u00bb.<\/p>\n<hr>\n<p><strong>Le directeur de la sant\u00e9 publique, Emmanuel Seini, membre de la commission sant\u00e9 : \u00ab Nous avons mis en place un centre de d\u00e9pistage de la COVID\u00bb <\/strong><\/p>\n<p>\u00ab Pour cette \u00e9dition du FESPACO, nous avons mis en place un dispositif pour la prise en charge des maladies courantes avec un accent particulier sur la COVID-19. C\u2019est ainsi que la prise en charge des maladies courantes avec possibilit\u00e9 de r\u00e9f\u00e9rencement a \u00e9t\u00e9 mise en place. Nous avons identifi\u00e9 les CMA de Pissy et de Kossodo, les CHU Yalgado-Ou\u00e9draogo, de Bogodogo et de Tengandogo, qui seront en alerte maximale pendant la dur\u00e9e du <img decoding=\"async\" loading=\"lazy\" class=\"size-medium wp-image-40806 alignleft\" src=\"https:\/\/linitiative.ca\/International\/wp-content\/uploads\/sites\/23\/2021\/10\/rtb-300x188-1.gif\" alt=\"\" width=\"300\" height=\"188\" srcset=\"https:\/\/linitiative.ca\/International\/wp-content\/uploads\/sites\/23\/2021\/10\/rtb-300x188-1.gif 300w, https:\/\/www.sidwaya.info\/wp-content\/uploads\/2021\/10\/rtb-150x94.gif 150w, https:\/\/www.sidwaya.info\/wp-content\/uploads\/2021\/10\/rtb-696x435.gif 696w, https:\/\/www.sidwaya.info\/wp-content\/uploads\/2021\/10\/rtb-672x420.gif 672w\" sizes=\"auto, (max-width: 300px) 100vw, 300px\">FESPACO.<\/p>\n<p>De fa\u00e7on sp\u00e9cifique pour la COVID, le dispositif comprend un contr\u00f4le sanitaire \u00e0 l\u2019entr\u00e9e du pays pour les voyageurs, qui doivent disposer d\u2019un r\u00e9sultat n\u00e9gatif au test PCR. Nous avons \u00e9galement pr\u00e9vu pour leur retour, la possibilit\u00e9 de faire facilement le test PCR. A l\u2019int\u00e9rieur du territoire, nous avons pr\u00e9vu un contr\u00f4le sanitaire \u00e0 l\u2019entr\u00e9e des sites et des salles de projection avec prise de la temp\u00e9rature, lavage des mains au savon ou friction au gel hydro alcoolique et le port obligatoire du masque. Nous avons \u00e9galement pr\u00e9vu une d\u00e9sinfection des salles de projection \u00e0 la fin de chaque journ\u00e9e par des \u00e9quipes d\u2019hygi\u00e9nistes.<\/p>\n<p>En outre, nous avons mis en place un centre de d\u00e9pistage de la COVID-19 et un site de vaccination contre la pand\u00e9mie au niveau du si\u00e8ge du FESPACO. Nous invitons fortement les festivaliers et les populations \u00e0 fr\u00e9quenter ces sites. Le d\u00e9pistage et la vaccination sont enti\u00e8rement gratuits. Le respect des mesures-barri\u00e8res pendant le festival est un d\u00e9fi mais on ne baisse pas les bras. Nous allons mobiliser 115 agents qui vont se r\u00e9partir en \u00e9quipe sur les diff\u00e9rents sites du festival. Nous invitons les festivaliers mais aussi la population qui va prendre une part active \u00e0 cette f\u00eate du cin\u00e9ma africain \u00e0 Ouagadougou au respect strict des mesures-barri\u00e8res \u00e0 savoir, le port obligatoire du masque, le lavage des mains au le savon ou le friction au gel hydro alcoolique, mais aussi la distanciation physique \u00bb.<\/p>\n<p style=\"text-align: right\"><strong>Propos recueillis par Nad\u00e8ge YE <\/strong><\/p>\n<p>L\u2019article <a rel=\"nofollow\" href=\"https:\/\/www.sidwaya.info\/blog\/2021\/10\/15\/preparatifs-du-fespaco-2021-les-commissions-font-le-point\/\">Pr\u00e9paratifs du FESPACO 2021 : Les commissions font le point<\/a> est apparu en premier sur <a rel=\"nofollow\" href=\"https:\/\/www.sidwaya.info\/\">Quotidien Sidwaya<\/a>.<\/p>\n<\/div>\n<p>Auteur: JK. Sidwaya<br \/>\n<a href=\"https:\/\/www.sidwaya.info\/blog\/2021\/10\/15\/preparatifs-du-fespaco-2021-les-commissions-font-le-point\/\">Cliquez ici pour lire l&rsquo;article depuis sa source.<\/a><\/p>\n","protected":false},"excerpt":{"rendered":"<p>Demain, 16 octobre 2021, Ouagadougou va accueillir durant une semaine la f\u00eate du cin\u00e9ma africain. Plusieurs commissions ont travaill\u00e9 d\u2019arrache-pied pour la r\u00e9ussite de la 27e \u00e9dition du Festival panafricain du cin\u00e9ma de Ouagadougou. Sidwaya a rencontr\u00e9 quelques \u00ab ouvriers \u00bb de l\u2019\u00e9dition 2021 du FESPACO. Le pr\u00e9sident de la commission infrastructures et \u00e9quipements, Diallo [&hellip;]<\/p>\n","protected":false},"author":1816,"featured_media":0,"comment_status":"closed","ping_status":"closed","sticky":false,"template":"","format":"standard","meta":{"fifu_image_url":"https:\/\/www.sidwaya.info\/wp-content\/uploads\/2021\/10\/commi1-300x202.gif","fifu_image_alt":"Pr\u00e9paratifs du FESPACO 2021 : Les commissions font le point","footnotes":""},"categories":[73,81],"tags":[],"class_list":["post-130078","post","type-post","status-publish","format-standard","hentry","category-actualite","category-burkina-faso"],"_links":{"self":[{"href":"https:\/\/linitiative.ca\/International\/wp-json\/wp\/v2\/posts\/130078","targetHints":{"allow":["GET"]}}],"collection":[{"href":"https:\/\/linitiative.ca\/International\/wp-json\/wp\/v2\/posts"}],"about":[{"href":"https:\/\/linitiative.ca\/International\/wp-json\/wp\/v2\/types\/post"}],"author":[{"embeddable":true,"href":"https:\/\/linitiative.ca\/International\/wp-json\/wp\/v2\/users\/1816"}],"replies":[{"embeddable":true,"href":"https:\/\/linitiative.ca\/International\/wp-json\/wp\/v2\/comments?post=130078"}],"version-history":[{"count":0,"href":"https:\/\/linitiative.ca\/International\/wp-json\/wp\/v2\/posts\/130078\/revisions"}],"wp:attachment":[{"href":"https:\/\/linitiative.ca\/International\/wp-json\/wp\/v2\/media?parent=130078"}],"wp:term":[{"taxonomy":"category","embeddable":true,"href":"https:\/\/linitiative.ca\/International\/wp-json\/wp\/v2\/categories?post=130078"},{"taxonomy":"post_tag","embeddable":true,"href":"https:\/\/linitiative.ca\/International\/wp-json\/wp\/v2\/tags?post=130078"}],"curies":[{"name":"wp","href":"https:\/\/api.w.org\/{rel}","templated":true}]}}