{"id":130084,"date":"2021-10-15T12:18:02","date_gmt":"2021-10-15T16:18:02","guid":{"rendered":"https:\/\/linitiative.ca\/International\/ouverture-a-abidjan-du-3e-colloque-du-pdci-sur-fond-de-reconquete-du-pouvoir-en-2025\/"},"modified":"2021-10-15T12:18:02","modified_gmt":"2021-10-15T16:18:02","slug":"ouverture-a-abidjan-du-3e-colloque-du-pdci-sur-fond-de-reconquete-du-pouvoir-en-2025","status":"publish","type":"post","link":"https:\/\/linitiative.ca\/International\/ouverture-a-abidjan-du-3e-colloque-du-pdci-sur-fond-de-reconquete-du-pouvoir-en-2025\/","title":{"rendered":"Ouverture \u00e0 Abidjan du 3e colloque du Pdci sur fond de reconqu\u00eate du pouvoir en 2025"},"content":{"rendered":"<div>\n<p><img loading=\"lazy\" decoding=\"async\" width=\"1000\" height=\"666\" src=\"https:\/\/linitiative.ca\/International\/wp-content\/uploads\/sites\/23\/2021\/10\/16343146823118.jpg\" class=\"attachment-post-thumbnail size-post-thumbnail wp-post-image\" alt=\"\" srcset=\"https:\/\/linitiative.ca\/International\/wp-content\/uploads\/sites\/23\/2021\/10\/16343146823118.jpg 1000w, https:\/\/www.journalducameroun.com\/wp-content\/uploads\/2021\/10\/16343146823118-300x200.jpg 300w, https:\/\/www.journalducameroun.com\/wp-content\/uploads\/2021\/10\/16343146823118-768x511.jpg 768w, https:\/\/www.journalducameroun.com\/wp-content\/uploads\/2021\/10\/16343146823118-661x440.jpg 661w, https:\/\/www.journalducameroun.com\/wp-content\/uploads\/2021\/10\/16343146823118-600x400.jpg 600w\" sizes=\"auto, (max-width: 1000px) 100vw, 1000px\"><\/p>\n<p>Le 3e colloque du Parti d\u00e9mocratique de C\u00f4te d&rsquo;Ivoire (Pdci, ex-alli\u00e9 au pouvoir), cl\u00f4turant la comm\u00e9moration du 75e anniversaire de la formation politique, s&rsquo;est ouvert vendredi \u00e0 Abidjan sur fond de reconqu\u00eate du pouvoir en 2025.<\/p>\n<p>Ce colloque qui boucle une s\u00e9rie d&rsquo;activit\u00e9s marquant l&rsquo;an 75 du Pdci, a \u00e9t\u00e9 ouvert au si\u00e8ge du parti par \u00c9mile Constant Bombet, vice-pr\u00e9sident, repr\u00e9sentant le pr\u00e9sident du Pdci, l&rsquo;ancien chef d&rsquo;Etat Henri Konan B\u00e9di\u00e9. \u00a0<\/p>\n<p>Le th\u00e8me retenu pour la c\u00e9l\u00e9bration de ces 75 ans est \u00ab\u00a0Le Pdci-Rda, Cap sur le centenaire\u00a0\u00bb. La f\u00eate conna\u00eetra son \u00e9pilogue le 18 octobre 2021 par une c\u00e9r\u00e9monie de cl\u00f4ture de la comm\u00e9moration des 75 ans du parti, sous la pr\u00e9sidence de M. Henri Konan B\u00e9di\u00e9. \u00a0<\/p>\n<p>\u00ab\u00a0En route donc pour un centenaire glorieux avec une escale d\u00e9terminante en 2025, celle de la victoire du Pdci \u00e0 l&rsquo;\u00e9lection pr\u00e9sidentielle de 2025\u00a0\u00bb, a d\u00e9clar\u00e9 le secr\u00e9taire ex\u00e9cutif en chef du Pdci, Kakou Guikahu\u00e9.\u00a0<\/p>\n<p>L&rsquo;objectif de ce colloque, rappellera-t-il, est de remobiliser toutes les composantes du Pdci pour relever les d\u00e9fis qui attendent le parti, impliquer et responsabiliser davantage les cadres comp\u00e9tents et des jeunes dynamiques dans les instances de d\u00e9cision du parti.<\/p>\n<p>Il vise en outre \u00e0 mettre en place des \u00ab\u00a0dispositifs strat\u00e9giques et novateurs en vue d&rsquo;anticiper sur les \u00e9v\u00e9nements et les enjeux du futur\u00a0\u00bb, de capitaliser et valoriser les ressources dont dispose le parti pour assurer et p\u00e9renniser son autonomie financi\u00e8re.<\/p>\n<p>Le Pdci envisage \u00e9galement de \u00ab\u00a0continuer sans rel\u00e2che les efforts avec l&rsquo;ensemble de l&rsquo;opposition en vue de cr\u00e9er les conditions d&rsquo;un climat politique apais\u00e9, propice \u00e0 la r\u00e9conciliation et \u00e0 la reconstruction d&rsquo;un \u00c9tat de droit\u00a0\u00bb.\u00a0<\/p>\n<p>\u00ab\u00a0M. B\u00e9di\u00e9 nous permet de tenir le 2e colloque du Pdci depuis la disparition de Houphou\u00ebt-Boigny\u00a0\u00bb, fondateur du parti, a indiqu\u00e9 M. Ezan Ak\u00e9l\u00e9, le pr\u00e9sident du Comit\u00e9 scientifique, soulignant que le Pdci est \u00e0 son 3e colloque aujourd&rsquo;hui.\u00a0<\/p>\n<p>Les r\u00e9flexions de ce colloque, dira-t-il, doivent \u00eatre \u00ab\u00a0\u00e0 la hauteur de nos ambitions, \u00e0 savoir reconqu\u00e9rir le pouvoir d&rsquo;Etat en 2025\u00a0\u00bb. Toutefois, la responsabilit\u00e9 des jeunes et des femmes est grande.\u00a0<\/p>\n<p>Le colloque est un espace de projection du parti. En 86, les travaux ont permis entre autres la transformation de la Fondation Houphou\u00ebt-Boigny en centre international de recherche sur la paix, la cr\u00e9ation du prix F\u00e9lix Houphou\u00ebt-Boigny pour la recherche d\u00e9cern\u00e9 par l&rsquo;Unesco.\u00a0<\/p>\n<p>Le 09 avril 2021, le Pdci a eu 75 ans. Le parti a lanc\u00e9 la comm\u00e9moration de ce soixante quinzi\u00e8me anniversaire autour du th\u00e8me \u00ab\u00a0le Pdci, cap sur le centenaire\u00a0\u00bb et des activit\u00e9s qui prendront fin lundi avec une messe anniversaire de la naissance de Houphou\u00ebt-Boigny. \u00a0<\/p>\n<p>Cet article <a rel=\"nofollow\" href=\"https:\/\/www.journalducameroun.com\/ouverture-a-abidjan-du-3e-colloque-du-pdci-sur-fond-de-reconquete-du-pouvoir-en-2025\/\">Ouverture \u00e0 Abidjan du 3e colloque du Pdci sur fond de reconqu\u00eate du pouvoir en 2025<\/a> est apparu en premier sur <a rel=\"nofollow\" href=\"https:\/\/www.journalducameroun.com\/\">Journal du Cameroun<\/a>.<\/p>\n<\/div>\n<p>Auteur: APA News<br \/>\n<a href=\"https:\/\/www.journalducameroun.com\/ouverture-a-abidjan-du-3e-colloque-du-pdci-sur-fond-de-reconquete-du-pouvoir-en-2025\/\">Cliquez ici pour lire l&rsquo;article depuis sa source.<\/a><\/p>\n","protected":false},"excerpt":{"rendered":"<p>Le 3e colloque du Parti d\u00e9mocratique de C\u00f4te d&rsquo;Ivoire (Pdci, ex-alli\u00e9 au pouvoir), cl\u00f4turant la comm\u00e9moration du 75e anniversaire de la formation politique, s&rsquo;est ouvert vendredi \u00e0 Abidjan sur fond de reconqu\u00eate du pouvoir en 2025. Ce colloque qui boucle une s\u00e9rie d&rsquo;activit\u00e9s marquant l&rsquo;an 75 du Pdci, a \u00e9t\u00e9 ouvert au si\u00e8ge du parti [&hellip;]<\/p>\n","protected":false},"author":1965,"featured_media":0,"comment_status":"closed","ping_status":"closed","sticky":false,"template":"","format":"standard","meta":{"fifu_image_url":"https:\/\/www.journalducameroun.com\/wp-content\/uploads\/2021\/10\/16343146823118.jpg","fifu_image_alt":"Ouverture \u00e0 Abidjan du 3e colloque du Pdci sur fond de reconqu\u00eate du pouvoir en 2025","footnotes":""},"categories":[73,82],"tags":[],"class_list":["post-130084","post","type-post","status-publish","format-standard","hentry","category-actualite","category-cameroun"],"_links":{"self":[{"href":"https:\/\/linitiative.ca\/International\/wp-json\/wp\/v2\/posts\/130084","targetHints":{"allow":["GET"]}}],"collection":[{"href":"https:\/\/linitiative.ca\/International\/wp-json\/wp\/v2\/posts"}],"about":[{"href":"https:\/\/linitiative.ca\/International\/wp-json\/wp\/v2\/types\/post"}],"author":[{"embeddable":true,"href":"https:\/\/linitiative.ca\/International\/wp-json\/wp\/v2\/users\/1965"}],"replies":[{"embeddable":true,"href":"https:\/\/linitiative.ca\/International\/wp-json\/wp\/v2\/comments?post=130084"}],"version-history":[{"count":0,"href":"https:\/\/linitiative.ca\/International\/wp-json\/wp\/v2\/posts\/130084\/revisions"}],"wp:attachment":[{"href":"https:\/\/linitiative.ca\/International\/wp-json\/wp\/v2\/media?parent=130084"}],"wp:term":[{"taxonomy":"category","embeddable":true,"href":"https:\/\/linitiative.ca\/International\/wp-json\/wp\/v2\/categories?post=130084"},{"taxonomy":"post_tag","embeddable":true,"href":"https:\/\/linitiative.ca\/International\/wp-json\/wp\/v2\/tags?post=130084"}],"curies":[{"name":"wp","href":"https:\/\/api.w.org\/{rel}","templated":true}]}}