{"id":130086,"date":"2021-10-15T13:18:01","date_gmt":"2021-10-15T17:18:01","guid":{"rendered":"https:\/\/linitiative.ca\/International\/madagascar-sur-la-voie-de-la-gratuite-des-soins\/"},"modified":"2021-10-15T13:18:01","modified_gmt":"2021-10-15T17:18:01","slug":"madagascar-sur-la-voie-de-la-gratuite-des-soins","status":"publish","type":"post","link":"https:\/\/linitiative.ca\/International\/madagascar-sur-la-voie-de-la-gratuite-des-soins\/","title":{"rendered":"Madagascar sur la voie de la gratuit\u00e9 des soins"},"content":{"rendered":"<div>\n<p>Le pr\u00e9sident de Madagascar Andry Rajoelina a annonc\u00e9, mardi, la mise en place de la gratuit\u00e9 des premiers soins d\u2019urgence dans le pays.<\/p>\n<p>Le pr\u00e9sident Rajoelina a fait cette annonce lors de l\u2019inauguration des nouveaux services d\u2019urgence de l\u2019h\u00f4pital militaire d\u2019Antananarivo (HOMI), un lieu symbolique et charg\u00e9 d\u2019histoire.\u00a0<\/p>\n<p>En effet, le HOMI est le plus vieil h\u00f4pital de Madagascar, fond\u00e9 il y a 130 ans par la reine Ravalomanana III. Cet h\u00f4pital avait pour but de palier aux besoins de soins grandissants des Malgaches, pour qui les anciennes structures ne suffisaient plus.<\/p>\n<p>\u00ab La sant\u00e9 et les soins m\u00e9dicaux sont des droits humains fondamentaux et ne sont discriminatoires \u00e0 l\u2019\u00e9gard de personne. C\u2019est la \u00a0sant\u00e9 pour tous sans exception \u00bb, a d\u00e9clar\u00e9 le pr\u00e9sident.<\/p>\n<p>La situation d\u2019alors est comparable \u00e0 celle d\u2019aujourd\u2019hui, la crise de la Covid-19 ayant d\u00e9montr\u00e9 les manques criards du syst\u00e8me de sant\u00e9 de la Grande-Ile. Dans cette optique, depuis plus d\u2019un an, le gouvernement a fait la preuve d\u2019un activisme important tant dans la r\u00e9ponse \u00e0 la pand\u00e9mie que dans la dotation de nouvelles infrastructures (centres de soins, laboratoires, fournitures m\u00e9dicales, etc).<\/p>\n<p>\u00a0Au point d\u2019en faire un des marqueurs fort du plan de relance du secteur priv\u00e9. Cependant, cet engagement n\u2019est pas soudain et faisait d\u00e9j\u00e0 parti des Velinaro (num\u00e9ro 5) pr\u00e9sidentiels pour l\u2019\u00e9mergence de Madagascar. Ici, c\u2019est bien l\u2019autonomie sanitaire qui est vis\u00e9e.<\/p>\n<p>Une nouvelle strat\u00e9gie de sant\u00e9 nationale<\/p>\n<p>Sur le plan mat\u00e9riel, le HOMI a re\u00e7u de nouveaux \u00e9quipements de soins, de sauvetage et des m\u00e9dicaments. Ces am\u00e9liorations vont permettre de doubler ses capacit\u00e9s d\u2019accueil d\u2019urgence. Pourtant la v\u00e9ritable innovation se situe avant tout dans la gratuit\u00e9 des soins de premi\u00e8re urgence.<\/p>\n<p>Pour atteindre cet objectif, le gouvernement a d\u2019ores et d\u00e9j\u00e0 mis en place le \u00ab Fond d\u2019urgence sanitaire \u00bb, qui devra financer le nouveau dispositif dans les h\u00f4pitaux de chef lieux du pays dont 16 centres hospitaliers r\u00e9gionaux, 102 centres hospitaliers de districts et 20 centres hospitaliers universitaires.<\/p>\n<p>Pour le gouvernement, l\u2019acc\u00e8s gratuit aux soins passe en effet avant tout par l\u2019optimisation des flux de patients en urgence. La signature ent\u00e9rinant l\u2019engagement pris par l\u2019Etat pour la cr\u00e9ation de ce fond s\u2019est effectu\u00e9e dans la foul\u00e9e du discours, ce vendredi 15 octobre 2021, au palais d\u2019Etat d\u2019Iavoloha.\u00a0<\/p>\n<p>Si les traitements ult\u00e9rieurs seront encore \u00e0 la charge du patient, le pr\u00e9sident a annonc\u00e9 que des efforts allaient \u00eatre consentis afin d\u2019assurer une prise en charge rapide des maladies infantiles et des maladies des s\u00e9niors.<\/p>\n<p>Une mont\u00e9e en puissance de ce nouveau dispositif est pr\u00e9vue. C\u2019est dans cette optique que le gouvernement met aussi en place la \u00ab couverture universelle des maladies \u00bb qui financera directement les h\u00f4pitaux.<\/p>\n<p>Cet article <a rel=\"nofollow\" href=\"https:\/\/www.journalducameroun.com\/madagascar-sur-la-voie-de-la-gratuite-des-soins\/\">Madagascar sur la voie de la gratuit\u00e9 des soins<\/a> est apparu en premier sur <a rel=\"nofollow\" href=\"https:\/\/www.journalducameroun.com\/\">Journal du Cameroun<\/a>.<\/p>\n<\/div>\n<p>Auteur: APA News<br \/>\n<a href=\"https:\/\/www.journalducameroun.com\/madagascar-sur-la-voie-de-la-gratuite-des-soins\/\">Cliquez ici pour lire l&rsquo;article depuis sa source.<\/a><\/p>\n","protected":false},"excerpt":{"rendered":"<p>Le pr\u00e9sident de Madagascar Andry Rajoelina a annonc\u00e9, mardi, la mise en place de la gratuit\u00e9 des premiers soins d\u2019urgence dans le pays. Le pr\u00e9sident Rajoelina a fait cette annonce lors de l\u2019inauguration des nouveaux services d\u2019urgence de l\u2019h\u00f4pital militaire d\u2019Antananarivo (HOMI), un lieu symbolique et charg\u00e9 d\u2019histoire.\u00a0 En effet, le HOMI est le plus [&hellip;]<\/p>\n","protected":false},"author":1965,"featured_media":0,"comment_status":"closed","ping_status":"closed","sticky":false,"template":"","format":"standard","meta":{"fifu_image_url":"","fifu_image_alt":"","footnotes":""},"categories":[73,82],"tags":[],"class_list":["post-130086","post","type-post","status-publish","format-standard","hentry","category-actualite","category-cameroun"],"_links":{"self":[{"href":"https:\/\/linitiative.ca\/International\/wp-json\/wp\/v2\/posts\/130086","targetHints":{"allow":["GET"]}}],"collection":[{"href":"https:\/\/linitiative.ca\/International\/wp-json\/wp\/v2\/posts"}],"about":[{"href":"https:\/\/linitiative.ca\/International\/wp-json\/wp\/v2\/types\/post"}],"author":[{"embeddable":true,"href":"https:\/\/linitiative.ca\/International\/wp-json\/wp\/v2\/users\/1965"}],"replies":[{"embeddable":true,"href":"https:\/\/linitiative.ca\/International\/wp-json\/wp\/v2\/comments?post=130086"}],"version-history":[{"count":0,"href":"https:\/\/linitiative.ca\/International\/wp-json\/wp\/v2\/posts\/130086\/revisions"}],"wp:attachment":[{"href":"https:\/\/linitiative.ca\/International\/wp-json\/wp\/v2\/media?parent=130086"}],"wp:term":[{"taxonomy":"category","embeddable":true,"href":"https:\/\/linitiative.ca\/International\/wp-json\/wp\/v2\/categories?post=130086"},{"taxonomy":"post_tag","embeddable":true,"href":"https:\/\/linitiative.ca\/International\/wp-json\/wp\/v2\/tags?post=130086"}],"curies":[{"name":"wp","href":"https:\/\/api.w.org\/{rel}","templated":true}]}}