{"id":130087,"date":"2021-10-15T14:08:00","date_gmt":"2021-10-15T18:08:00","guid":{"rendered":"https:\/\/linitiative.ca\/International\/cameroun-meurtre-dune-fillette-a-buea-le-ministre-rene-sadi-sattaque-a-certains-medias\/"},"modified":"2021-10-15T14:08:00","modified_gmt":"2021-10-15T18:08:00","slug":"cameroun-meurtre-dune-fillette-a-buea-le-ministre-rene-sadi-sattaque-a-certains-medias","status":"publish","type":"post","link":"https:\/\/linitiative.ca\/International\/cameroun-meurtre-dune-fillette-a-buea-le-ministre-rene-sadi-sattaque-a-certains-medias\/","title":{"rendered":"Cameroun \u2013 meurtre d\u2019une fillette \u00e0 Buea : le ministre Ren\u00e9 Sadi s\u2019attaque \u00e0 certains m\u00e9dias"},"content":{"rendered":"<div>\n<p><img loading=\"lazy\" decoding=\"async\" width=\"607\" height=\"300\" src=\"https:\/\/linitiative.ca\/International\/wp-content\/uploads\/sites\/23\/2021\/10\/RenC3A9-Emmanuel-Sadi2.jpg\" class=\"attachment-post-thumbnail size-post-thumbnail wp-post-image\" alt=\"Ren\u00e9 Emmanuel Sadi2\" srcset=\"https:\/\/linitiative.ca\/International\/wp-content\/uploads\/sites\/23\/2021\/10\/RenC3A9-Emmanuel-Sadi2.jpg 607w, https:\/\/www.journalducameroun.com\/wp-content\/uploads\/2020\/04\/Ren\u00e9-Emmanuel-Sadi2-300x148.jpg 300w, https:\/\/www.journalducameroun.com\/wp-content\/uploads\/2020\/04\/Ren\u00e9-Emmanuel-Sadi2-600x297.jpg 600w\" sizes=\"auto, (max-width: 607px) 100vw, 607px\"><\/p>\n<h5>\u00a0Au lendemain de la <a href=\"https:\/\/www.journalducameroun.com\/cameroun-assassinats-a-buea-ce-qui-sest-passe-ce-14-octobre-2021-mindef-cameroun\/\">tragique mort d\u2019un enfant de cinq ans<\/a> et du gendarme l\u2019ayant abattu, le ministre de la Communication estime que certains m\u00e9dias ont d\u00e9lib\u00e9r\u00e9ment choisi de jeter l&rsquo;huile sur le feu. Sans pour autant les citer nomm\u00e9ment, le Mincom leur reproche d\u2019avoir travesti \u00a0les faits de mani\u00e9r\u00e9 ostentatoire, dans le but de provoquer un soul\u00e8vement populaire, voire un chaos social. Ci-dessous l\u2019int\u00e9gralit\u00e9 de son communiqu\u00e9 publi\u00e9 ce 15 octobre 2021.<\/h5>\n<p>\u00a0<\/p>\n<p>\u00a0<\/p>\n<p>\u00a0<\/p>\n<p style=\"text-align: center;\"><strong>Communiqu\u00e9 du ministre de la Communication\u00a0<\/strong><\/p>\n<p style=\"text-align: center;\"><em>A la suite du malheureux incident survenu le jeudi 14 octobre 2021 aux environs de 08 heures au lieu-dit Bokova dans la ville de Buea, R\u00e9gion du Sud-ouest, et qui a co\u00fbt\u00e9 la vie \u00e0 une fillette, la nomm\u00e9e Caro louise NDIALLE, \u00e2g\u00e9e d&rsquo;environ cinq ans, ainsi qu&rsquo;au gendarme MVOGO Rigobert le Gouvernement a, par la voix du Ministre D\u00e9l\u00e9gu\u00e9 \u00e0 la Pr\u00e9sidence de R\u00e9publique charg\u00e9 de la D\u00e9fense, livr\u00e9 les premi\u00e8res informations sur les circonstances de ce drame.<\/em><\/p>\n<p style=\"text-align: center;\"><em>Par la m\u00eame occasion, le Ministre D\u00e9l\u00e9gu\u00e9 \u00e0 la Pr\u00e9sidence de R\u00e9publique charg\u00e9 de la D\u00e9fense a regrett\u00e9 la survenue de cet incident, apr\u00e8s avoir qualifi\u00e9 la r\u00e9action du gendarme incrimin\u00e9, d&rsquo;inappropri\u00e9e, d\u2019inadapt\u00e9e \u00e0 la circonstance et de manifestement disproportionn\u00e9e par rapport au comportement irr\u00e9v\u00e9rencieux du conducteur.<\/em><\/p>\n<p style=\"text-align: center;\"><em>Le Ministre de la D\u00e9fense a par ailleurs annonc\u00e9, l&rsquo;ouverture imm\u00e9diate d&rsquo;une enqu\u00eate par les autorit\u00e9s administratives locales et les Forces de D\u00e9fense et de S\u00e9curit\u00e9, afin de faire toute la lumi\u00e8re sur les contours et les responsabilit\u00e9s de cet incident doublement mortel.<\/em><\/p>\n<p style=\"text-align: center;\"><em>L&rsquo;annonce de cet \u00e9v\u00e9nement tragique a, \u00e0 l\u2019\u00e9vidence, suscit\u00e9 une vive douleur et une profonde \u00e9motion au sein de l&rsquo;opinion publique, que sont venues amplifier, les images choquantes, abondamment relay\u00e9es par les m\u00e9dias sociaux.<\/em><\/p>\n<p style=\"text-align: center;\"><em>Il s&rsquo;agit donc, d&rsquo;un sujet d&rsquo;une gravit\u00e9 notoire et d&rsquo;une sensibilit\u00e9 av\u00e9r\u00e9e, que vient exacerber le contexte s\u00e9curitaire qui a cours dans cette r\u00e9gion.<\/em><\/p>\n<p style=\"text-align: center;\"><em>Face \u00e0 une telle situation, on observe malheureusement, que certains m\u00e9dias ont d\u00e9lib\u00e9r\u00e9ment choisi de jeter l&rsquo;huile sur le feu, en travestissant de mani\u00e9r\u00e9 ostentatoire les faits, dans le but sans doute, de provoquer un soul\u00e8vement populaire, voire un chaos social.<\/em><\/p>\n<p style=\"text-align: center;\"><em>Le Gouvernement de la R\u00e9publique condamne sans r\u00e9serve cette d\u00e9rive professionnelle qui transgresse les r\u00e8gles fondamentales de l&rsquo;exercice du m\u00e9tier de journaliste, au moment m\u00eame o\u00f9, le monde entier c\u00e9l\u00e8bre la Journ\u00e9e Internationale de l&rsquo;Acc\u00e8s Universel \u00e5 l\u2019information.<\/em><\/p>\n<p style=\"text-align: center;\"><em>Le Gouvernement rappelle \u00e0 cet effet, que le r\u00f4le de la presse est d&rsquo;informer utilement les populations sur les faits de la vie publique. Mais, elle doit le faire en toute consid\u00e9ration de la stricte v\u00e9racit\u00e9 des faits et de la responsabilit\u00e9 sociale qui lui incombe, en mati\u00e8re de sauvegarde de la paix et de la tranquillit\u00e9 publiques.<\/em><\/p>\n<p style=\"text-align: center;\"><em>En l&rsquo;esp\u00e8ce, le Ministre de la Communication en appelle \u00e0 la prudence et \u00e0 la circonspection des professionnels des m\u00e9dias, dans le traitement de Information li\u00e9e \u00e0 cette regrettable actualit\u00e9, afin que pr\u00e9vale en fin de compte, la s\u00e9r\u00e9nit\u00e9 n\u00e9cessaire pour la poursuite des investigations engag\u00e9es dans le cadre des enqu\u00eates en cours.<\/em><\/p>\n<p style=\"text-align: center;\">\n<p><strong>Ren\u00e9 Emmanuel Sadi<\/strong><\/p>\n<p><strong>Communiqu\u00e9 publi\u00e9 le 15 octobre 2021<\/strong><\/p>\n<p>Cet article <a rel=\"nofollow\" href=\"https:\/\/www.journalducameroun.com\/cameroun-meurtre-dune-fillette-a-buea-le-ministre-rene-sadi-sattaque-a-certains-medias-cameroun\/\">Cameroun \u2013 meurtre d\u2019une fillette \u00e0 Buea : le ministre Ren\u00e9 Sadi s\u2019attaque \u00e0 certains m\u00e9dias<\/a> est apparu en premier sur <a rel=\"nofollow\" href=\"https:\/\/www.journalducameroun.com\/\">Journal du Cameroun<\/a>.<\/p>\n<\/div>\n<p>Auteur: Christian DJIMADEU<br \/>\n<a href=\"https:\/\/www.journalducameroun.com\/cameroun-meurtre-dune-fillette-a-buea-le-ministre-rene-sadi-sattaque-a-certains-medias-cameroun\/\">Cliquez ici pour lire l&rsquo;article depuis sa source.<\/a><\/p>\n","protected":false},"excerpt":{"rendered":"<p>\u00a0Au lendemain de la tragique mort d\u2019un enfant de cinq ans et du gendarme l\u2019ayant abattu, le ministre de la Communication estime que certains m\u00e9dias ont d\u00e9lib\u00e9r\u00e9ment choisi de jeter l&rsquo;huile sur le feu. Sans pour autant les citer nomm\u00e9ment, le Mincom leur reproche d\u2019avoir travesti \u00a0les faits de mani\u00e9r\u00e9 ostentatoire, dans le but de [&hellip;]<\/p>\n","protected":false},"author":1965,"featured_media":0,"comment_status":"closed","ping_status":"closed","sticky":false,"template":"","format":"standard","meta":{"fifu_image_url":"https:\/\/www.journalducameroun.com\/wp-content\/uploads\/2020\/04\/Ren\u00e9-Emmanuel-Sadi2.jpg","fifu_image_alt":"Cameroun \u2013 meurtre d\u2019une fillette \u00e0 Buea : le ministre Ren\u00e9 Sadi s\u2019attaque \u00e0 certains m\u00e9dias","footnotes":""},"categories":[73,82],"tags":[],"class_list":["post-130087","post","type-post","status-publish","format-standard","hentry","category-actualite","category-cameroun"],"_links":{"self":[{"href":"https:\/\/linitiative.ca\/International\/wp-json\/wp\/v2\/posts\/130087","targetHints":{"allow":["GET"]}}],"collection":[{"href":"https:\/\/linitiative.ca\/International\/wp-json\/wp\/v2\/posts"}],"about":[{"href":"https:\/\/linitiative.ca\/International\/wp-json\/wp\/v2\/types\/post"}],"author":[{"embeddable":true,"href":"https:\/\/linitiative.ca\/International\/wp-json\/wp\/v2\/users\/1965"}],"replies":[{"embeddable":true,"href":"https:\/\/linitiative.ca\/International\/wp-json\/wp\/v2\/comments?post=130087"}],"version-history":[{"count":0,"href":"https:\/\/linitiative.ca\/International\/wp-json\/wp\/v2\/posts\/130087\/revisions"}],"wp:attachment":[{"href":"https:\/\/linitiative.ca\/International\/wp-json\/wp\/v2\/media?parent=130087"}],"wp:term":[{"taxonomy":"category","embeddable":true,"href":"https:\/\/linitiative.ca\/International\/wp-json\/wp\/v2\/categories?post=130087"},{"taxonomy":"post_tag","embeddable":true,"href":"https:\/\/linitiative.ca\/International\/wp-json\/wp\/v2\/tags?post=130087"}],"curies":[{"name":"wp","href":"https:\/\/api.w.org\/{rel}","templated":true}]}}