{"id":130089,"date":"2021-10-15T14:18:01","date_gmt":"2021-10-15T18:18:01","guid":{"rendered":"https:\/\/linitiative.ca\/International\/soudan-abdalla-hamdok-defie-les-militaires\/"},"modified":"2021-10-15T14:18:01","modified_gmt":"2021-10-15T18:18:01","slug":"soudan-abdalla-hamdok-defie-les-militaires","status":"publish","type":"post","link":"https:\/\/linitiative.ca\/International\/soudan-abdalla-hamdok-defie-les-militaires\/","title":{"rendered":"Soudan : Abdalla Hamdok d\u00e9fie les militaires"},"content":{"rendered":"<div>\n<p><img loading=\"lazy\" decoding=\"async\" width=\"696\" height=\"450\" src=\"https:\/\/linitiative.ca\/International\/wp-content\/uploads\/sites\/23\/2021\/10\/16343218814831.jpg\" class=\"attachment-post-thumbnail size-post-thumbnail wp-post-image\" alt=\"\" srcset=\"https:\/\/linitiative.ca\/International\/wp-content\/uploads\/sites\/23\/2021\/10\/16343218814831.jpg 696w, https:\/\/www.journalducameroun.com\/wp-content\/uploads\/2021\/10\/16343218814831-300x194.jpg 300w, https:\/\/www.journalducameroun.com\/wp-content\/uploads\/2021\/10\/16343218814831-681x440.jpg 681w, https:\/\/www.journalducameroun.com\/wp-content\/uploads\/2021\/10\/16343218814831-600x388.jpg 600w\" sizes=\"auto, (max-width: 696px) 100vw, 696px\"><\/p>\n<p>Le Premier ministre soudanais a annonc\u00e9 qu&rsquo;il ne dissoudrait pas son gouvernement malgr\u00e9 la demande des militaires.La situation politique s&rsquo;enlise au Soudan entre les militaires et les civils. Et la derni\u00e8re d\u00e9cision annonc\u00e9e par le Premier ministre Abdalla Hamdock pourrait marquer un nouveau tournant dans ces dissensions entre les forces de la transition.<\/p>\n<p>Ce dernier a soutenu, ce vendredi 15 octobre 2021, qu&rsquo;il ne comptait pas dissoudre le gouvernement pour r\u00e9pondre \u00e0 la demande officielle formul\u00e9e par le g\u00e9n\u00e9ral Abdel Fattah Abdelrahmane al-Burhan, pr\u00e9sident du Conseil souverain de transition.<\/p>\n<p>Le Premier ministre Hamdok, nomm\u00e9 en ao\u00fbt 2019, a r\u00e9it\u00e9r\u00e9 aux militaires son ambition de \u00ab conduire la transition vers la d\u00e9mocratie \u00bb pour respecter la promesse faite aux \u00ab forces de la libert\u00e9 et du changement \u00bb. Les militaires qui doivent passer le t\u00e9moin aux civils le 17 novembre tentent de repousser l&rsquo;\u00e9ch\u00e9ance jusqu&rsquo;\u00e0 l&rsquo;\u00e9t\u00e9 prochain. Et dans leurs man\u0153uvres d&rsquo;avoir une mainmise sur le pouvoir, ils sont accus\u00e9s par les civils de fomenter une nouvelle \u00ab tentative de coup d&rsquo;Etat \u00bb.<\/p>\n<p>En ao\u00fbt 2021, une transition politique men\u00e9e par une administration civilo-militaire, a \u00e9t\u00e9 mise en place, apr\u00e8s la signature d&rsquo;un accord de partage du pouvoir. Mais cet accord ne tient d\u00e9sormais qu&rsquo;\u00e0 un fil face aux conflits r\u00e9p\u00e9t\u00e9s d&rsquo;une part au sein m\u00eame des diff\u00e9rentes factions de l&rsquo;arm\u00e9e soudanaise et d&rsquo;autre part entre les militaires et les civils qui se partagent le pouvoir.<\/p>\n<p>Le Soudan est confront\u00e9 \u00e0 une grave crise socio-\u00e9conomique depuis l&rsquo;ind\u00e9pendance du Soudan du Sud en 2011. Le pays est amput\u00e9 des trois quarts de ses r\u00e9serves p\u00e9troli\u00e8res tomb\u00e9es dans l&rsquo;escarcelle de son voisin.<\/p>\n<p>Une situation sociale difficile qui avait provoqu\u00e9 la chute de l&rsquo;ex dictateur Omar el-B\u00e9chir, \u00e9vinc\u00e9 du pouvoir le 11 avril 2019 par l&rsquo;arm\u00e9e apr\u00e8s 30 ans de r\u00e8gne.<\/p>\n<p>En septembre dernier, une tentative de coup d&rsquo;Etat perp\u00e9tr\u00e9e par d&rsquo;anciens dignitaires du r\u00e9gime d&rsquo;Omar el-B\u00e9chir est d\u00e9jou\u00e9e par l&rsquo;arm\u00e9e soudanaise.<\/p>\n<p>Cette nouvelle crise au sommet de l&rsquo;Etat entre les militaires et les civils, risque de plonger le pays dans une nouvelle p\u00e9riode d&rsquo;instabilit\u00e9, au moment o\u00f9 des partis politiques appellent leurs partisans \u00e0 descendre dans la rue ce samedi 16 octobre.<\/p>\n<p>Cet article <a rel=\"nofollow\" href=\"https:\/\/www.journalducameroun.com\/soudan-abdalla-hamdok-defie-les-militaires\/\">Soudan : Abdalla Hamdok d\u00e9fie les militaires<\/a> est apparu en premier sur <a rel=\"nofollow\" href=\"https:\/\/www.journalducameroun.com\/\">Journal du Cameroun<\/a>.<\/p>\n<\/div>\n<p>Auteur: APA News<br \/>\n<a href=\"https:\/\/www.journalducameroun.com\/soudan-abdalla-hamdok-defie-les-militaires\/\">Cliquez ici pour lire l&rsquo;article depuis sa source.<\/a><\/p>\n","protected":false},"excerpt":{"rendered":"<p>Le Premier ministre soudanais a annonc\u00e9 qu&rsquo;il ne dissoudrait pas son gouvernement malgr\u00e9 la demande des militaires.La situation politique s&rsquo;enlise au Soudan entre les militaires et les civils. Et la derni\u00e8re d\u00e9cision annonc\u00e9e par le Premier ministre Abdalla Hamdock pourrait marquer un nouveau tournant dans ces dissensions entre les forces de la transition. Ce dernier [&hellip;]<\/p>\n","protected":false},"author":1965,"featured_media":0,"comment_status":"closed","ping_status":"closed","sticky":false,"template":"","format":"standard","meta":{"fifu_image_url":"https:\/\/www.journalducameroun.com\/wp-content\/uploads\/2021\/10\/16343218814831.jpg","fifu_image_alt":"Soudan : Abdalla Hamdok d\u00e9fie les militaires","footnotes":""},"categories":[73,82],"tags":[],"class_list":["post-130089","post","type-post","status-publish","format-standard","hentry","category-actualite","category-cameroun"],"_links":{"self":[{"href":"https:\/\/linitiative.ca\/International\/wp-json\/wp\/v2\/posts\/130089","targetHints":{"allow":["GET"]}}],"collection":[{"href":"https:\/\/linitiative.ca\/International\/wp-json\/wp\/v2\/posts"}],"about":[{"href":"https:\/\/linitiative.ca\/International\/wp-json\/wp\/v2\/types\/post"}],"author":[{"embeddable":true,"href":"https:\/\/linitiative.ca\/International\/wp-json\/wp\/v2\/users\/1965"}],"replies":[{"embeddable":true,"href":"https:\/\/linitiative.ca\/International\/wp-json\/wp\/v2\/comments?post=130089"}],"version-history":[{"count":0,"href":"https:\/\/linitiative.ca\/International\/wp-json\/wp\/v2\/posts\/130089\/revisions"}],"wp:attachment":[{"href":"https:\/\/linitiative.ca\/International\/wp-json\/wp\/v2\/media?parent=130089"}],"wp:term":[{"taxonomy":"category","embeddable":true,"href":"https:\/\/linitiative.ca\/International\/wp-json\/wp\/v2\/categories?post=130089"},{"taxonomy":"post_tag","embeddable":true,"href":"https:\/\/linitiative.ca\/International\/wp-json\/wp\/v2\/tags?post=130089"}],"curies":[{"name":"wp","href":"https:\/\/api.w.org\/{rel}","templated":true}]}}