{"id":130091,"date":"2021-10-15T15:18:01","date_gmt":"2021-10-15T19:18:01","guid":{"rendered":"https:\/\/linitiative.ca\/International\/centrafrique-le-president-annonce-larret-des-combats\/"},"modified":"2021-10-15T15:18:01","modified_gmt":"2021-10-15T19:18:01","slug":"centrafrique-le-president-annonce-larret-des-combats","status":"publish","type":"post","link":"https:\/\/linitiative.ca\/International\/centrafrique-le-president-annonce-larret-des-combats\/","title":{"rendered":"Centrafrique : le pr\u00e9sident annonce l\u2019arr\u00eat des combats"},"content":{"rendered":"<div>\n<p><img loading=\"lazy\" decoding=\"async\" width=\"853\" height=\"501\" src=\"https:\/\/linitiative.ca\/International\/wp-content\/uploads\/sites\/23\/2021\/10\/16343254824782.jpg\" class=\"attachment-post-thumbnail size-post-thumbnail wp-post-image\" alt=\"\" srcset=\"https:\/\/linitiative.ca\/International\/wp-content\/uploads\/sites\/23\/2021\/10\/16343254824782.jpg 853w, https:\/\/www.journalducameroun.com\/wp-content\/uploads\/2021\/10\/16343254824782-300x176.jpg 300w, https:\/\/www.journalducameroun.com\/wp-content\/uploads\/2021\/10\/16343254824782-768x451.jpg 768w, https:\/\/www.journalducameroun.com\/wp-content\/uploads\/2021\/10\/16343254824782-749x440.jpg 749w, https:\/\/www.journalducameroun.com\/wp-content\/uploads\/2021\/10\/16343254824782-600x352.jpg 600w\" sizes=\"auto, (max-width: 853px) 100vw, 853px\"><\/p>\n<p>Faustin Archange Touad\u00e9ra vient d&rsquo;annoncer un cessez-le-feu unilat\u00e9ral imm\u00e9diat et la fin des op\u00e9rations militaires et de toute action arm\u00e9e sur l&rsquo;ensemble du territoire national.Se dirige-t-on vers un retour de la paix en R\u00e9publique centrafricaine ? S&rsquo;il est trop t\u00f4t pour r\u00e9pondre par l&rsquo;affirmative, l&rsquo;annonce faite par le chef de l&rsquo;Etat centrafricain permet d&rsquo;apporter un brin d&rsquo;espoir aux populations meurtries.<\/p>\n<p>Faustin Archange Touad\u00e9ra a d\u00e9clar\u00e9 ce vendredi 15 octobre la fin des hostilit\u00e9s entre les forces arm\u00e9es centrafricaines et les diff\u00e9rents groupes rebelles qui op\u00e8rent dans le pays.<\/p>\n<p>Cela fait suite \u00e0 l&rsquo;engagement pris par le gouvernement lors de l&rsquo;adoption de la feuille de route de la Conf\u00e9rence Internationale sur la R\u00e9gion des Grands Lacs \u00e0 Luanda (Angola), afin de \u00ab donner une chance \u00e0 la paix \u00bb, selon le chef de l&rsquo;\u00c9tat.<\/p>\n<p>Cet article <a rel=\"nofollow\" href=\"https:\/\/www.journalducameroun.com\/centrafrique-le-president-annonce-larret-des-combats\/\">Centrafrique : le pr\u00e9sident annonce l\u2019arr\u00eat des combats<\/a> est apparu en premier sur <a rel=\"nofollow\" href=\"https:\/\/www.journalducameroun.com\/\">Journal du Cameroun<\/a>.<\/p>\n<\/div>\n<p>Auteur: APA News<br \/>\n<a href=\"https:\/\/www.journalducameroun.com\/centrafrique-le-president-annonce-larret-des-combats\/\">Cliquez ici pour lire l&rsquo;article depuis sa source.<\/a><\/p>\n","protected":false},"excerpt":{"rendered":"<p>Faustin Archange Touad\u00e9ra vient d&rsquo;annoncer un cessez-le-feu unilat\u00e9ral imm\u00e9diat et la fin des op\u00e9rations militaires et de toute action arm\u00e9e sur l&rsquo;ensemble du territoire national.Se dirige-t-on vers un retour de la paix en R\u00e9publique centrafricaine ? S&rsquo;il est trop t\u00f4t pour r\u00e9pondre par l&rsquo;affirmative, l&rsquo;annonce faite par le chef de l&rsquo;Etat centrafricain permet d&rsquo;apporter un [&hellip;]<\/p>\n","protected":false},"author":1965,"featured_media":0,"comment_status":"closed","ping_status":"closed","sticky":false,"template":"","format":"standard","meta":{"fifu_image_url":"https:\/\/www.journalducameroun.com\/wp-content\/uploads\/2021\/10\/16343254824782.jpg","fifu_image_alt":"Centrafrique : le pr\u00e9sident annonce l\u2019arr\u00eat des combats","footnotes":""},"categories":[73,82],"tags":[],"class_list":["post-130091","post","type-post","status-publish","format-standard","hentry","category-actualite","category-cameroun"],"_links":{"self":[{"href":"https:\/\/linitiative.ca\/International\/wp-json\/wp\/v2\/posts\/130091","targetHints":{"allow":["GET"]}}],"collection":[{"href":"https:\/\/linitiative.ca\/International\/wp-json\/wp\/v2\/posts"}],"about":[{"href":"https:\/\/linitiative.ca\/International\/wp-json\/wp\/v2\/types\/post"}],"author":[{"embeddable":true,"href":"https:\/\/linitiative.ca\/International\/wp-json\/wp\/v2\/users\/1965"}],"replies":[{"embeddable":true,"href":"https:\/\/linitiative.ca\/International\/wp-json\/wp\/v2\/comments?post=130091"}],"version-history":[{"count":0,"href":"https:\/\/linitiative.ca\/International\/wp-json\/wp\/v2\/posts\/130091\/revisions"}],"wp:attachment":[{"href":"https:\/\/linitiative.ca\/International\/wp-json\/wp\/v2\/media?parent=130091"}],"wp:term":[{"taxonomy":"category","embeddable":true,"href":"https:\/\/linitiative.ca\/International\/wp-json\/wp\/v2\/categories?post=130091"},{"taxonomy":"post_tag","embeddable":true,"href":"https:\/\/linitiative.ca\/International\/wp-json\/wp\/v2\/tags?post=130091"}],"curies":[{"name":"wp","href":"https:\/\/api.w.org\/{rel}","templated":true}]}}