{"id":130096,"date":"2021-10-15T15:45:33","date_gmt":"2021-10-15T19:45:33","guid":{"rendered":"https:\/\/linitiative.ca\/International\/defis-feminins\/"},"modified":"2021-10-15T15:45:33","modified_gmt":"2021-10-15T19:45:33","slug":"defis-feminins","status":"publish","type":"post","link":"https:\/\/linitiative.ca\/International\/defis-feminins\/","title":{"rendered":"D\u00e9fis f\u00e9minins"},"content":{"rendered":"<div>\n<p><img decoding=\"async\" width=\"300\" height=\"153\" src=\"https:\/\/linitiative.ca\/International\/wp-content\/uploads\/sites\/23\/2021\/10\/Dr-Imane-Kendili-300x153-2.jpg\" class=\"attachment-medium size-medium wp-post-image\" alt=\"\" loading=\"lazy\" srcset=\"https:\/\/linitiative.ca\/International\/wp-content\/uploads\/sites\/23\/2021\/10\/Dr-Imane-Kendili-300x153-2.jpg 300w, https:\/\/aujourdhui.ma\/wp-content\/uploads\/2020\/05\/Dr-Imane-Kendili-274x140.jpg 274w, https:\/\/aujourdhui.ma\/wp-content\/uploads\/2020\/05\/Dr-Imane-Kendili.jpg 746w, https:\/\/aujourdhui.ma\/wp-content\/uploads\/2020\/05\/Dr-Imane-Kendili-165x84.jpg 165w, https:\/\/aujourdhui.ma\/wp-content\/uploads\/2020\/05\/Dr-Imane-Kendili-702x358.jpg 702w\" sizes=\"auto, (max-width: 300px) 100vw, 300px\"><\/p>\n<p><span style=\"color: #800000;\"><strong>Le 8 septembre change la donne politique et inscrit la modernit\u00e9 en perspective.<\/strong><\/span><span id=\"more-389129\"><\/span><\/p>\n<p>L\u2019imp\u00e9ratif de l\u2019acceptation et de l\u2019adaptation au terrain socio-psycho\u00e9conomique s\u2019impose et pose les questions de l\u2019impact in\u00e9gal de l\u2019\u00e9pid\u00e9mie sur les femmes et leurs acquis des derni\u00e8res d\u00e9cennies. Avant le coronavirus, les mouvements f\u00e9ministes se faisaient entendre. Depuis 2004 et la nouvelle Moudawana, une mont\u00e9e en puissance des r\u00eaves et des projections de la femme marocaine a affirm\u00e9 la position d\u2019une femme ayant toute sa place dans un Maroc o\u00f9 plus rien ne peut se faire sans elle. Le cheminement s\u2019ancre dans l\u2019obtention d\u2019avanc\u00e9es concr\u00e8tes. Le Maroc a ratifi\u00e9 depuis plus de 25 ans la Convention contre la torture et les traitements inhumains, mais les certificats de virginit\u00e9 sont toujours d\u00e9livr\u00e9s avec un nombre d\u2019examens barbares indignes pseudo-m\u00e9dicaux ; sans oublier le nombre d\u2019avortements quotidiens qui se monterait selon certaines sources statistiques \u00e0 1.200 par jour. Le printemps des libert\u00e9s individuelles s\u2019annon\u00e7ait cette ann\u00e9e en ligne directrice spontan\u00e9e du printemps de la dignit\u00e9 de 2019. Le droit de disposer de son corps \u00e9tait au coeur des revendications, on r\u00e9clamait la refonte globale de la l\u00e9gislation p\u00e9nale en la conformant aux engagements internationaux du Maroc et \u00e0 la Constitution de 2011.<\/p>\n<p>Les mouvements associatifs plaidaient pour un transfert du code p\u00e9nal au code de la sant\u00e9 avec les articles sur l\u2019interruption volontaire de la grossesse (IVG) et l\u2019abrogation des articles 490 \u00e0 493, concernant les relations sexuelles hors mariage, est r\u00e9clam\u00e9e haut et fort par l\u2019ADFM. Bien entendu, avortement ou libert\u00e9s individuelles sont impensables au temps du Poujadisme. Rajoutez la pand\u00e9mie de Covid-19. Plus rien. Silence radio. L\u2019impact in\u00e9gal de l\u2019\u00e9pid\u00e9mie sur les femmes reconna\u00eet leur r\u00f4le essentiel dans la r\u00e9ponse \u00e0 la Covid-19 et exige une r\u00e9ponse qui tienne compte des dimensions sexo-sp\u00e9cifiques de l\u2019\u00e9pid\u00e9mie. La Covid-19 est plus cl\u00e9mente envers les femmes. Y verrait-on un signe ? Avant toute interpr\u00e9tation, soulignons qu\u2019au Maroc, les femmes repr\u00e9sentent 57% du personnel m\u00e9dical, 66% du personnel param\u00e9dical et 64% des fonctionnaires du secteur social. Lorsque les syst\u00e8mes de sant\u00e9 sont surcharg\u00e9s, la charge des soins \u00e0 domicile est plus importante et retombe en grande partie sur les femmes, qui consacrent en moyenne sept fois plus de temps au travail domestique que les hommes (contre trois fois plus seulement au niveau mondial) sans oublier leur r\u00f4le scolaire (en pr\u00e9sentiel ou en distanciel) et leurs responsabilit\u00e9s professionnelles (t\u00e9l\u00e9travail ou pas). La crise actuelle pourrait avoir un impact diff\u00e9renci\u00e9 important en termes de perte d\u2019emploi par les femmes.<\/p>\n<p>Avec bien avant la pand\u00e9mie la probante non \u00e9quit\u00e9 au travail \u00e0 comp\u00e9tences \u00e9gales. Par ailleurs, la violence domestique doit \u00eatre abord\u00e9e encore et encore. Sa recrudescence est chiffr\u00e9e de par le monde et l\u00e0 aussi la femme (et la fille) vient r\u00e9clamer ses droits \u00e9l\u00e9mentaires. En effet, en 2019 (enqu\u00eate du Haut-commissariat au plan) le taux de pr\u00e9valence des violences domestiques au Maroc est de 52%, soit 6,1 millions de femmes, et enregistre m\u00eame une augmentation de 1 point par rapport \u00e0 l\u2019enqu\u00eate men\u00e9e en 2009. En parlant de droits \u00e9l\u00e9mentaires, je qu\u00e9mande l\u2019arr\u00eat de discours pseudo-f\u00e9ministes de \u00ablutte contre\u2026 \u00bb et le changement de politique on ne peut plus discriminatoire des camps de filles-m\u00e8res ou d\u2019orphelins de fortune, qu\u2019on visite une fois le vendredi pour un couscous offert afin de lever des fonds comme dans un zoo. Le temps est \u00e0 la r\u00e9flexion de terrain d\u2019inclusion et non \u00e0 l\u2019exclusion participative de la politique de \u00abla veuve et l\u2019orphelin\u00bb. L\u2019\u00e9galit\u00e9 ou l\u2019\u00e9quit\u00e9 passe par la r\u00e9vision des syst\u00e8mes scolaires et impose un quota aux \u00e9coles priv\u00e9es ou m\u00eames missions et universit\u00e9s (ou \u00e9coles payantes) d\u2019une proportion d\u2019\u00e9l\u00e8ves issue de milieux d\u00e9favoris\u00e9s afin de donner une voie de soutien palpable ; et non une visite de courtoisie et des dons de riches aux pauvres. L\u2019\u00e9galit\u00e9 passe par l\u2019inclusion \u00e0 l\u2019enfance et l\u2019\u00e9quit\u00e9 par le m\u00eame banc d\u2019\u00e9cole. Tout en valorisant et en sensibilisant l\u2019accessibilit\u00e9 aux filles bien entendu.<\/p>\n<p>Vous me direz \u00abComment ? Puisque nous avons diff\u00e9rents syst\u00e8mes entre les villes et les campagnes sans oublier des r\u00e9gions recul\u00e9es ?\u00bb Je vous r\u00e9pondrai : \u00abA chaque r\u00e9gion un plan d\u2019inclusion \u00e0 l\u2019image de sa r\u00e9alit\u00e9 de terrain\u00bb. Vous me direz \u00abPourquoi ?\u00bb Je vous r\u00e9pondrai : \u00abL\u2019\u00e9galit\u00e9 et l\u2019\u00e9quit\u00e9 des chances avec un syst\u00e8me scolaire adapt\u00e9 ou adaptable \u2013 car un partenariat public-priv\u00e9 pourrait donner ses fruits- comblera d\u00e8s l\u2019enfance les fractures et disparit\u00e9s sociales et r\u00e9duirait la violence et la d\u00e9linquance\u2026\u00bb Le d\u00e9bat peut suivre ind\u00e9finiment mais il n\u2019\u00e9tanche pas ma soif pour autant. Ma soif de dire mes espoirs devant l\u2019av\u00e8nement d\u2019un nouveau gouvernement o\u00f9 la femme est repr\u00e9sent\u00e9e \u00e0 plus d\u2019un tiers et qui pr\u00e9sage des horizons nouveaux d\u2019ouverture sur nos r\u00e9alit\u00e9s sociales. Cette proportion f\u00e9minine au nouveau gouvernement cr\u00e9e l\u2019espoir d\u2019une reprise du d\u00e9clin des derni\u00e8res ann\u00e9es. A noter l\u2019acc\u00e8s \u00e0 l\u2019activit\u00e9 depuis quelques ann\u00e9es au Maroc, o\u00f9 la participation des femmes \u00e0 la vie \u00e9conomique compte parmi les plus faibles au monde (22% en 2018 vs 48% de moyenne mondiale dont 10% d\u2019entrepreneuriat f\u00e9minin) et enregistre un recul depuis 20 ans (29% en 2000). La pr\u00e9carit\u00e9 \u00e9conomique des femmes est aussi aggrav\u00e9e par leur surrepr\u00e9sentation parmi la population au ch\u00f4mage, notamment pour les plus dipl\u00f4m\u00e9es (33% de ch\u00f4mage chez les femmes vs 18% chez les hommes). D\u2019autres sujets sont \u00e0 mettre sur la table.<\/p>\n<p>La question de l\u2019avortement, du viol dans le cadre marital et des libert\u00e9s individuelles. Le CNDH est interpell\u00e9 car le temps est venu de sortir des vieux carcans et de laisser les gens vivre leurs libert\u00e9s sans crainte de finir en prison. L\u2019avortement est un dossier d\u2019urgence. 600 \u00e0 800 avortements clandestins ont lieu chaque jour, dont plus d\u2019un tiers hors de tout environnement m\u00e9dical. Selon Human Rights Watch, la d\u00e9cision d\u2019avorter ou pas revient \u00e0 la femme enceinte, sans ing\u00e9rence de l\u2019\u00c9tat ni de quiconque. Sans vocif\u00e9rer les cons\u00e9quences dramatiques de la venue d\u2019un enfant non d\u00e9sir\u00e9 au monde, cons\u00e9quences sociales, discriminatoires, psychologiques et j\u2019en passe. Sept femmes ministres aujourd\u2019hui. Sept est un tr\u00e8s bon chiffre. Mais l\u2019heure n\u2019est plus aux pr\u00e9sages, l\u2019action soutenue est de mise et les attentes de la femme marocaine sont empreintes d\u2019espoir et de renouveau.<\/p>\n<\/div>\n<p>Auteur: ALM<br \/>\n<a href=\"https:\/\/aujourdhui.ma\/chroniques\/defis-feminins\">Cliquez ici pour lire l&rsquo;article depuis sa source.<\/a><\/p>\n","protected":false},"excerpt":{"rendered":"<p>Le 8 septembre change la donne politique et inscrit la modernit\u00e9 en perspective. L\u2019imp\u00e9ratif de l\u2019acceptation et de l\u2019adaptation au terrain socio-psycho\u00e9conomique s\u2019impose et pose les questions de l\u2019impact in\u00e9gal de l\u2019\u00e9pid\u00e9mie sur les femmes et leurs acquis des derni\u00e8res d\u00e9cennies. Avant le coronavirus, les mouvements f\u00e9ministes se faisaient entendre. Depuis 2004 et la nouvelle [&hellip;]<\/p>\n","protected":false},"author":1759,"featured_media":0,"comment_status":"closed","ping_status":"closed","sticky":false,"template":"","format":"standard","meta":{"fifu_image_url":"https:\/\/aujourdhui.ma\/wp-content\/uploads\/2020\/05\/Dr-Imane-Kendili-300x153.jpg","fifu_image_alt":"D\u00e9fis f\u00e9minins","footnotes":""},"categories":[73,54],"tags":[],"class_list":["post-130096","post","type-post","status-publish","format-standard","hentry","category-actualite","category-maroc"],"_links":{"self":[{"href":"https:\/\/linitiative.ca\/International\/wp-json\/wp\/v2\/posts\/130096","targetHints":{"allow":["GET"]}}],"collection":[{"href":"https:\/\/linitiative.ca\/International\/wp-json\/wp\/v2\/posts"}],"about":[{"href":"https:\/\/linitiative.ca\/International\/wp-json\/wp\/v2\/types\/post"}],"author":[{"embeddable":true,"href":"https:\/\/linitiative.ca\/International\/wp-json\/wp\/v2\/users\/1759"}],"replies":[{"embeddable":true,"href":"https:\/\/linitiative.ca\/International\/wp-json\/wp\/v2\/comments?post=130096"}],"version-history":[{"count":0,"href":"https:\/\/linitiative.ca\/International\/wp-json\/wp\/v2\/posts\/130096\/revisions"}],"wp:attachment":[{"href":"https:\/\/linitiative.ca\/International\/wp-json\/wp\/v2\/media?parent=130096"}],"wp:term":[{"taxonomy":"category","embeddable":true,"href":"https:\/\/linitiative.ca\/International\/wp-json\/wp\/v2\/categories?post=130096"},{"taxonomy":"post_tag","embeddable":true,"href":"https:\/\/linitiative.ca\/International\/wp-json\/wp\/v2\/tags?post=130096"}],"curies":[{"name":"wp","href":"https:\/\/api.w.org\/{rel}","templated":true}]}}