{"id":130102,"date":"2021-10-16T07:19:41","date_gmt":"2021-10-16T11:19:41","guid":{"rendered":"https:\/\/linitiative.ca\/International\/les-fonctions-de-la-presidence-et-la-direction-generale-seront-desormais-dissociees-fikrat-quitte-cosumar-amine-louali-nouveau-dg\/"},"modified":"2021-10-16T07:19:41","modified_gmt":"2021-10-16T11:19:41","slug":"les-fonctions-de-la-presidence-et-la-direction-generale-seront-desormais-dissociees-fikrat-quitte-cosumar-amine-louali-nouveau-dg","status":"publish","type":"post","link":"https:\/\/linitiative.ca\/International\/les-fonctions-de-la-presidence-et-la-direction-generale-seront-desormais-dissociees-fikrat-quitte-cosumar-amine-louali-nouveau-dg\/","title":{"rendered":"Les fonctions de la pr\u00e9sidence et la direction g\u00e9n\u00e9rale seront d\u00e9sormais dissoci\u00e9es : Fikrat quitte Cosumar, Amine Louali nouveau DG"},"content":{"rendered":"<div>\n<p><img decoding=\"async\" width=\"300\" height=\"153\" src=\"https:\/\/linitiative.ca\/International\/wp-content\/uploads\/sites\/23\/2021\/10\/Mohammed-Fikrat-300x153-1.jpg\" class=\"attachment-medium size-medium wp-post-image\" alt=\"\" loading=\"lazy\" srcset=\"https:\/\/linitiative.ca\/International\/wp-content\/uploads\/sites\/23\/2021\/10\/Mohammed-Fikrat-300x153-1.jpg 300w, https:\/\/aujourdhui.ma\/wp-content\/uploads\/2021\/10\/Mohammed-Fikrat-274x140.jpg 274w, https:\/\/aujourdhui.ma\/wp-content\/uploads\/2021\/10\/Mohammed-Fikrat.jpg 746w, https:\/\/aujourdhui.ma\/wp-content\/uploads\/2021\/10\/Mohammed-Fikrat-165x84.jpg 165w, https:\/\/aujourdhui.ma\/wp-content\/uploads\/2021\/10\/Mohammed-Fikrat-702x358.jpg 702w\" sizes=\"auto, (max-width: 300px) 100vw, 300px\"><\/p>\n<p><span style=\"color: #800000; font-size: 18px;\"><strong>Une page est tourn\u00e9e chez Cosumar.<\/strong> <\/span><span id=\"more-389195\"><\/span><\/p>\n<p>En effet, le Conseil d\u2019Administration du\u00a0Groupe\u00a0s\u2019est r\u00e9uni le 15 octobre 2021 sous la pr\u00e9sidence de Mohammed Fikrat pour adopter le changement de gouvernance dissociant les fonctions de Pr\u00e9sident de celles de Directeur G\u00e9n\u00e9ral.<\/p>\n<p>Apr\u00e8s avoir pris acte de la volont\u00e9 de Mohammed Fikrat de mettre fin \u00e0 ses mandats d\u2019administrateur et de Pr\u00e9sident Directeur G\u00e9n\u00e9ral de COSUMAR pour poursuivre d\u2019autres activit\u00e9s hors du Groupe COSUMAR, le Conseil a d\u00e9cid\u00e9 d\u2019opter pour un mode de gouvernance dissociant Pr\u00e9sidence de Conseil et Direction G\u00e9n\u00e9rale. A ce titre, le Conseil a proc\u00e9d\u00e9 \u00e0 la nomination de Amine Louali en tant que Directeur G\u00e9n\u00e9ral.<\/p>\n<p>Avant de rejoindre le Groupe COSUMAR en septembre 2020 en tant que Directeur G\u00e9n\u00e9ral D\u00e9l\u00e9gu\u00e9, Amine Louali a cumul\u00e9 une exp\u00e9rience de 19 ans au cours de laquelle il a occup\u00e9 plusieurs postes de responsabilit\u00e9 notamment \u00e0 Lafarge Holcim, au Groupe OCP, \u00e0 Maghreb Steel et au Groupe SINAM. Son parcours se caract\u00e9rise par la conduite de projets de transformations importantes des entreprises o\u00f9 il a op\u00e9r\u00e9. Amine Louali est dipl\u00f4m\u00e9 de l\u2019Ecole Polytechnique, de T\u00e9l\u00e9com Paris et est titulaire d\u2019un Executive MBA du Massachusets Institut of Technology.<\/p>\n<p>Le Conseil a d\u00e9sign\u00e9 Hicham Belmrah, Pr\u00e9sident Directeur G\u00e9n\u00e9ral du Groupe MAMDA-MCMA, en tant que Pr\u00e9sident du Conseil d\u2019Administration de COSUMAR. Le Conseil d\u2019Administration a \u00e9galement d\u00e9cid\u00e9 de convoquer une Assembl\u00e9e G\u00e9n\u00e9rale mixte dans les d\u00e9lais r\u00e9glementaires. Le Conseil d\u2019Administration a f\u00e9licit\u00e9 et remerci\u00e9 chaleureusement Mohammed Fikrat pour les r\u00e9alisations accomplies et les d\u00e9veloppements op\u00e9r\u00e9s depuis 2005.<\/p>\n<p>COSUMAR a ainsi d\u00e9velopp\u00e9 et consolid\u00e9 son r\u00f4le de groupe national et r\u00e9gional de r\u00e9f\u00e9rence dans le secteur agroalimentaire gr\u00e2ce notamment aux atouts suivants :<\/p>\n<p>R\u00e9ussite de l\u2019int\u00e9gration et de la modernisation des sucreries ex publiques acquises en 2005 ;<\/p>\n<p>Consolidation du r\u00f4le d\u2019agr\u00e9gateur mod\u00e8le de 80 000 agriculteurs betteraviers et canniers des cinq r\u00e9gions sucri\u00e8res qui a permis de moderniser et d\u2019am\u00e9liorer les revenus des agriculteurs gr\u00e2ce \u00e0 de meilleures performances agronomiques ;<\/p>\n<p>Am\u00e9lioration des capacit\u00e9s et de la comp\u00e9titivit\u00e9 de la raffinerie de Casablanca et des sept sucreries ;<\/p>\n<p>Exportation du sucre raffin\u00e9, selon le r\u00e9gime d\u2019admission temporaire et hors syst\u00e8me de compensation, depuis 2016 gr\u00e2ce \u00e0 l\u2019expertise des \u00e9quipes de COSUMAR et de son actionnaire industriel Wilmar ;<\/p>\n<p>Construction et mise en route d\u2019une nouvelle raffinerie de sucre comp\u00e9titive \u00e0 Yanbu en Arabie Saoudite et d\u2019une unit\u00e9 de conditionnement de sucre en Guin\u00e9e Conakry ;<\/p>\n<p>Lancement d\u2019un partenariat Wilmar\/COSUMAR pour la construction d\u2019une unit\u00e9 de graisses v\u00e9g\u00e9tales sp\u00e9ciales \u00e0 Casablanca pour combler le d\u00e9ficit de l\u2019industrie alimentaire nationale en graisses v\u00e9g\u00e9tales sp\u00e9ciales et afin d\u2019exporter sur la r\u00e9gion.<\/p>\n<p>Mohammed Fikrat a ensuite remerci\u00e9 tous les membres du Conseil pour leurs orientations et implication dans les projets de COSUMAR. Il a \u00e9galement remerci\u00e9 les parties prenantes publiques et priv\u00e9es de l\u2019\u00e9cosyst\u00e8me du Groupe COSUMAR pour leurs confiance et soutien. Enfin, il a rendu hommage aux \u00e9quipes et membres de la famille COSUMAR : Amine Louali, anciennement Directeur G\u00e9n\u00e9ral D\u00e9l\u00e9gu\u00e9, les collaboratrices et collaborateurs du Groupe ainsi que les partenaires sociaux pour leurs engagement et mobilisation pour la r\u00e9ussite des projets et chantiers du Groupe COSUMAR.<\/p>\n<\/div>\n<p>Auteur: ALM<br \/>\n<a href=\"https:\/\/aujourdhui.ma\/actualite\/les-fonctions-de-la-presidence-et-la-direction-generale-seront-desormais-dissociees-fikrat-quitte-cosumar-amine-louali-nouveau-dg\">Cliquez ici pour lire l&rsquo;article depuis sa source.<\/a><\/p>\n","protected":false},"excerpt":{"rendered":"<p>Une page est tourn\u00e9e chez Cosumar. En effet, le Conseil d\u2019Administration du\u00a0Groupe\u00a0s\u2019est r\u00e9uni le 15 octobre 2021 sous la pr\u00e9sidence de Mohammed Fikrat pour adopter le changement de gouvernance dissociant les fonctions de Pr\u00e9sident de celles de Directeur G\u00e9n\u00e9ral. Apr\u00e8s avoir pris acte de la volont\u00e9 de Mohammed Fikrat de mettre fin \u00e0 ses mandats [&hellip;]<\/p>\n","protected":false},"author":1759,"featured_media":0,"comment_status":"closed","ping_status":"closed","sticky":false,"template":"","format":"standard","meta":{"fifu_image_url":"https:\/\/aujourdhui.ma\/wp-content\/uploads\/2021\/10\/Mohammed-Fikrat-300x153.jpg","fifu_image_alt":"Les fonctions de la pr\u00e9sidence et la direction g\u00e9n\u00e9rale seront d\u00e9sormais dissoci\u00e9es : Fikrat quitte Cosumar, Amine Louali nouveau DG","footnotes":""},"categories":[73,54],"tags":[],"class_list":["post-130102","post","type-post","status-publish","format-standard","hentry","category-actualite","category-maroc"],"_links":{"self":[{"href":"https:\/\/linitiative.ca\/International\/wp-json\/wp\/v2\/posts\/130102","targetHints":{"allow":["GET"]}}],"collection":[{"href":"https:\/\/linitiative.ca\/International\/wp-json\/wp\/v2\/posts"}],"about":[{"href":"https:\/\/linitiative.ca\/International\/wp-json\/wp\/v2\/types\/post"}],"author":[{"embeddable":true,"href":"https:\/\/linitiative.ca\/International\/wp-json\/wp\/v2\/users\/1759"}],"replies":[{"embeddable":true,"href":"https:\/\/linitiative.ca\/International\/wp-json\/wp\/v2\/comments?post=130102"}],"version-history":[{"count":0,"href":"https:\/\/linitiative.ca\/International\/wp-json\/wp\/v2\/posts\/130102\/revisions"}],"wp:attachment":[{"href":"https:\/\/linitiative.ca\/International\/wp-json\/wp\/v2\/media?parent=130102"}],"wp:term":[{"taxonomy":"category","embeddable":true,"href":"https:\/\/linitiative.ca\/International\/wp-json\/wp\/v2\/categories?post=130102"},{"taxonomy":"post_tag","embeddable":true,"href":"https:\/\/linitiative.ca\/International\/wp-json\/wp\/v2\/tags?post=130102"}],"curies":[{"name":"wp","href":"https:\/\/api.w.org\/{rel}","templated":true}]}}