{"id":130112,"date":"2021-10-16T07:04:53","date_gmt":"2021-10-16T11:04:53","guid":{"rendered":"https:\/\/linitiative.ca\/International\/ocs-m-anouar-dbira-tlemsani-presente-sa-demission\/"},"modified":"2021-10-16T07:04:53","modified_gmt":"2021-10-16T11:04:53","slug":"ocs-m-anouar-dbira-tlemsani-presente-sa-demission","status":"publish","type":"post","link":"https:\/\/linitiative.ca\/International\/ocs-m-anouar-dbira-tlemsani-presente-sa-demission\/","title":{"rendered":"OCS: M. Anouar Dbira Tlemsani pr\u00e9sente sa d\u00e9mission"},"content":{"rendered":"<div>\n<div style=\"margin-bottom:20px;\"><img loading=\"lazy\" decoding=\"async\" width=\"750\" height=\"430\" src=\"https:\/\/linitiative.ca\/International\/wp-content\/uploads\/sites\/23\/2021\/10\/ocs-2.jpg\" class=\"attachment-post-thumbnail size-post-thumbnail wp-post-image\" alt=\"\" srcset=\"https:\/\/linitiative.ca\/International\/wp-content\/uploads\/sites\/23\/2021\/10\/ocs-2.jpg 750w, http:\/\/www.mapmarrakech.ma\/map\/uploads\/2021\/10\/ocs-2-300x172.jpg 300w\" sizes=\"auto, (max-width: 750px) 100vw, 750px\"><\/div>\n<p>\u00ab\u00a0Cette d\u00e9cision a \u00e9t\u00e9 prise pour des raisons personnelles et d\u2019autres objectives\u00a0\u00bb, a-t-il indiqu\u00e9 dans une d\u00e9claration \u00e0 la MAP, relevant que sa d\u00e9mission a \u00e9t\u00e9 accept\u00e9e lors de cette AG.<\/p>\n<p>M.Dbira occupait ce poste depuis 2014, ann\u00e9e o\u00f9 il fut \u00e9lu pour la premi\u00e8re fois pr\u00e9sident du Club de la Cit\u00e9 de l\u2019Oc\u00e9an.<\/p>\n<p>Sous le mandat de M. Dbira, l\u2019OCS a disput\u00e9 la finale de la Coupe du Tr\u00f4ne en 2016 et a atteint le quart de finale de la Coupe Mohammed VI des clubs arabes champions en 2021.<\/p>\n<p>Lors de cette AG annuelle, il a \u00e9t\u00e9 \u00e9galement convenu de la tenue d\u2019une Assembl\u00e9e G\u00e9n\u00e9rale \u00e9lective le 28 octobre courant pour \u00e9lire un nouveau pr\u00e9sident et un nouveau bureau dirigeant du Club.<\/p>\n<p>L\u2019AG a aussi d\u00e9cid\u00e9 de charger le premier vice-pr\u00e9sident, M. Abderrahim Zougar de prendre les r\u00eanes du Club jusqu\u2019\u00e0 la tenue de l\u2019assembl\u00e9e g\u00e9n\u00e9rale \u00e9lective.<\/p>\n<p>Lors de cette AG, il a \u00e9t\u00e9 \u00e9galement proc\u00e9d\u00e9 \u00e0 l\u2019approbation des rapports moral et financier de l\u2019OCS au titre de 2020-2021.<\/p>\n<p>Pour rappel, l\u2019OCS occupe la 8\u00e8 position \u00e0 la Botola pro D1 avec 06 points (03 nuls, 01 d\u00e9faite et 01 victoire).<\/p>\n<p>The post <a rel=\"nofollow\" href=\"http:\/\/www.mapmarrakech.ma\/fr\/ocs-m-anouar-dbira-tlemsani-presente-sa-demission\/\">OCS: M. Anouar Dbira Tlemsani pr\u00e9sente sa d\u00e9mission<\/a> appeared first on <a rel=\"nofollow\" href=\"http:\/\/www.mapmarrakech.ma\/fr\">MapMarrakech<\/a>.<\/p>\n<\/div>\n<p>Auteur: Meriem IGASS<br \/>\n<a href=\"http:\/\/www.mapmarrakech.ma\/fr\/ocs-m-anouar-dbira-tlemsani-presente-sa-demission\/\">Cliquez ici pour lire l&rsquo;article depuis sa source.<\/a><\/p>\n","protected":false},"excerpt":{"rendered":"<p>\u00ab\u00a0Cette d\u00e9cision a \u00e9t\u00e9 prise pour des raisons personnelles et d\u2019autres objectives\u00a0\u00bb, a-t-il indiqu\u00e9 dans une d\u00e9claration \u00e0 la MAP, relevant que sa d\u00e9mission a \u00e9t\u00e9 accept\u00e9e lors de cette AG. M.Dbira occupait ce poste depuis 2014, ann\u00e9e o\u00f9 il fut \u00e9lu pour la premi\u00e8re fois pr\u00e9sident du Club de la Cit\u00e9 de l\u2019Oc\u00e9an. Sous [&hellip;]<\/p>\n","protected":false},"author":1788,"featured_media":0,"comment_status":"closed","ping_status":"closed","sticky":false,"template":"","format":"standard","meta":{"fifu_image_url":"http:\/\/www.mapmarrakech.ma\/map\/uploads\/2021\/10\/ocs-2.jpg","fifu_image_alt":"OCS: M. Anouar Dbira Tlemsani pr\u00e9sente sa d\u00e9mission","footnotes":""},"categories":[54,76],"tags":[],"class_list":["post-130112","post","type-post","status-publish","format-standard","hentry","category-maroc","category-regions"],"_links":{"self":[{"href":"https:\/\/linitiative.ca\/International\/wp-json\/wp\/v2\/posts\/130112","targetHints":{"allow":["GET"]}}],"collection":[{"href":"https:\/\/linitiative.ca\/International\/wp-json\/wp\/v2\/posts"}],"about":[{"href":"https:\/\/linitiative.ca\/International\/wp-json\/wp\/v2\/types\/post"}],"author":[{"embeddable":true,"href":"https:\/\/linitiative.ca\/International\/wp-json\/wp\/v2\/users\/1788"}],"replies":[{"embeddable":true,"href":"https:\/\/linitiative.ca\/International\/wp-json\/wp\/v2\/comments?post=130112"}],"version-history":[{"count":0,"href":"https:\/\/linitiative.ca\/International\/wp-json\/wp\/v2\/posts\/130112\/revisions"}],"wp:attachment":[{"href":"https:\/\/linitiative.ca\/International\/wp-json\/wp\/v2\/media?parent=130112"}],"wp:term":[{"taxonomy":"category","embeddable":true,"href":"https:\/\/linitiative.ca\/International\/wp-json\/wp\/v2\/categories?post=130112"},{"taxonomy":"post_tag","embeddable":true,"href":"https:\/\/linitiative.ca\/International\/wp-json\/wp\/v2\/tags?post=130112"}],"curies":[{"name":"wp","href":"https:\/\/api.w.org\/{rel}","templated":true}]}}