{"id":130114,"date":"2021-10-16T07:29:03","date_gmt":"2021-10-16T11:29:03","guid":{"rendered":"https:\/\/linitiative.ca\/International\/vers-la-creation-dune-zone-dediee-a-lindustrie-de-transformation-du-gypse\/"},"modified":"2021-10-16T07:29:03","modified_gmt":"2021-10-16T11:29:03","slug":"vers-la-creation-dune-zone-dediee-a-lindustrie-de-transformation-du-gypse","status":"publish","type":"post","link":"https:\/\/linitiative.ca\/International\/vers-la-creation-dune-zone-dediee-a-lindustrie-de-transformation-du-gypse\/","title":{"rendered":"Vers la cr\u00e9ation d\u2019une zone d\u00e9di\u00e9e \u00e0 l\u2019industrie de transformation du gypse"},"content":{"rendered":"<div>\n<div style=\"margin-bottom:20px;\"><img loading=\"lazy\" decoding=\"async\" width=\"750\" height=\"430\" src=\"https:\/\/linitiative.ca\/International\/wp-content\/uploads\/sites\/23\/2021\/10\/papier-safi-copier-1.jpg\" class=\"attachment-post-thumbnail size-post-thumbnail wp-post-image\" alt=\"\" srcset=\"https:\/\/linitiative.ca\/International\/wp-content\/uploads\/sites\/23\/2021\/10\/papier-safi-copier-1.jpg 750w, http:\/\/www.mapmarrakech.ma\/map\/uploads\/2021\/10\/papier-safi-copier-1-300x172.jpg 300w\" sizes=\"auto, (max-width: 750px) 100vw, 750px\"><\/div>\n<p>Tenue en pr\u00e9sence notamment du gouverneur de la province, M. Lahoucine Chaynane, et des responsables de l\u2019ensemble des \u00e9tablissements et administrations concern\u00e9s, cette r\u00e9union a \u00e9t\u00e9 destin\u00e9e \u00e0 pr\u00e9senter le plan d\u2019am\u00e9nagement de cette zone d\u00e9di\u00e9e \u00e0 l\u2019industrie de transformation du gypse au niveau de cette commune rurale, dont le nombre d\u2019habitants est estim\u00e9 \u00e0 16.649 personnes.<\/p>\n<p>Intervenant \u00e0 cette occasion, M. Chaynane a fait savoir que ce projet \u00e9conomique est \u00e0 m\u00eame d\u2019impulser une nouvelle dynamique \u00e0 l\u2019investissement dans le domaine du gypse et \u00e0 la cr\u00e9ation de l\u2019emploi dans la province, relevant que ce projet sera une grande valeur ajout\u00e9e pour l\u2019\u00e9conomie locale.<\/p>\n<p>Le directeur de l\u2019agence urbaine de Safi-Youssoufia, M. El Mostafa Laaraich, a indiqu\u00e9 que la cr\u00e9ation de cette zone industrielle contribuera au d\u00e9veloppement socio\u00e9conomique de la commune de Sidi Etiji et de la province de Safi.<\/p>\n<p>\u00ab\u00a0Elle permettra aussi la structuration de ce secteur en rassemblant les unit\u00e9s industrielles de transformation du gypse dans une seule zone, qui sera \u00e9rig\u00e9e sur plus de 330 hectares\u00a0\u00bb, a-t-il ajout\u00e9 dans une d\u00e9claration \u00e0 la MAP, relevant que cette zone industrielle contribuera aussi \u00e0 un d\u00e9veloppement local \u00e9quilibr\u00e9\u00a0et respectueux de l\u2019environnement et \u00e0 l\u2019homog\u00e9n\u00e9isation du paysage urbain avec la cr\u00e9ation d\u2019une ceinture verte de 33 ha.<\/p>\n<p>Dans ce contexte, il a tenu \u00e0 rappeler que les investigations g\u00e9ologiques ont d\u00e9montr\u00e9 que cette commune dispose d\u2019un important gisement de gypse de grande qualit\u00e9 et dont la r\u00e9serve est \u00e9valu\u00e9e \u00e0 5 milliards de tonnes.<\/p>\n<p>Par la m\u00eame occasion, il a fait remarquer que la demande sur ce produit augmente de jour en jour, d\u2019autant plus que pr\u00e8s de 39 carri\u00e8res sont en exploitation dans cette r\u00e9gion.<\/p>\n<p>Ainsi, cette zone industrielle permettra de d\u00e9velopper l\u2019industrie de transformation du gypse, dont la majeure partie des quantit\u00e9s extraites sont export\u00e9es \u00e0 l\u2019\u00e9tat brut, a-t-il expliqu\u00e9, ajoutant que cette structure industrielle est de nature \u00e0 attirer les unit\u00e9s sp\u00e9cialis\u00e9es dans la transformation industrielle de ce minerai utilis\u00e9 dans les produits pharmaceutiques, l\u2019industrie des fa\u00efences, le secteur de construction et celui des cimenteries.<\/p>\n<p>Cette zone industrielle viendra s\u2019ajouter aux autres structures industrielles dont dispose la province, telles que la zone industrielle de Safi ou celle de Ouled Selmane \u00e9tendue sur une superficie de 5000 ha (en cours de r\u00e9alisation).<\/p>\n<p>The post <a rel=\"nofollow\" href=\"http:\/\/www.mapmarrakech.ma\/fr\/vers-la-creation-dune-zone-dediee-a-lindustrie-de-transformation-du-gypse\/\">Vers la cr\u00e9ation d\u2019une zone d\u00e9di\u00e9e \u00e0 l\u2019industrie de transformation du gypse<\/a> appeared first on <a rel=\"nofollow\" href=\"http:\/\/www.mapmarrakech.ma\/fr\">MapMarrakech<\/a>.<\/p>\n<\/div>\n<p>Auteur: Meriem IGASS<br \/>\n<a href=\"http:\/\/www.mapmarrakech.ma\/fr\/vers-la-creation-dune-zone-dediee-a-lindustrie-de-transformation-du-gypse\/\">Cliquez ici pour lire l&rsquo;article depuis sa source.<\/a><\/p>\n","protected":false},"excerpt":{"rendered":"<p>Tenue en pr\u00e9sence notamment du gouverneur de la province, M. Lahoucine Chaynane, et des responsables de l\u2019ensemble des \u00e9tablissements et administrations concern\u00e9s, cette r\u00e9union a \u00e9t\u00e9 destin\u00e9e \u00e0 pr\u00e9senter le plan d\u2019am\u00e9nagement de cette zone d\u00e9di\u00e9e \u00e0 l\u2019industrie de transformation du gypse au niveau de cette commune rurale, dont le nombre d\u2019habitants est estim\u00e9 \u00e0 [&hellip;]<\/p>\n","protected":false},"author":1788,"featured_media":0,"comment_status":"closed","ping_status":"closed","sticky":false,"template":"","format":"standard","meta":{"fifu_image_url":"http:\/\/www.mapmarrakech.ma\/map\/uploads\/2021\/10\/papier-safi-copier-1.jpg","fifu_image_alt":"Vers la cr\u00e9ation d\u2019une zone d\u00e9di\u00e9e \u00e0 l\u2019industrie de transformation du gypse","footnotes":""},"categories":[54,76],"tags":[],"class_list":["post-130114","post","type-post","status-publish","format-standard","hentry","category-maroc","category-regions"],"_links":{"self":[{"href":"https:\/\/linitiative.ca\/International\/wp-json\/wp\/v2\/posts\/130114","targetHints":{"allow":["GET"]}}],"collection":[{"href":"https:\/\/linitiative.ca\/International\/wp-json\/wp\/v2\/posts"}],"about":[{"href":"https:\/\/linitiative.ca\/International\/wp-json\/wp\/v2\/types\/post"}],"author":[{"embeddable":true,"href":"https:\/\/linitiative.ca\/International\/wp-json\/wp\/v2\/users\/1788"}],"replies":[{"embeddable":true,"href":"https:\/\/linitiative.ca\/International\/wp-json\/wp\/v2\/comments?post=130114"}],"version-history":[{"count":0,"href":"https:\/\/linitiative.ca\/International\/wp-json\/wp\/v2\/posts\/130114\/revisions"}],"wp:attachment":[{"href":"https:\/\/linitiative.ca\/International\/wp-json\/wp\/v2\/media?parent=130114"}],"wp:term":[{"taxonomy":"category","embeddable":true,"href":"https:\/\/linitiative.ca\/International\/wp-json\/wp\/v2\/categories?post=130114"},{"taxonomy":"post_tag","embeddable":true,"href":"https:\/\/linitiative.ca\/International\/wp-json\/wp\/v2\/tags?post=130114"}],"curies":[{"name":"wp","href":"https:\/\/api.w.org\/{rel}","templated":true}]}}