{"id":130118,"date":"2021-10-16T10:24:14","date_gmt":"2021-10-16T14:24:14","guid":{"rendered":"https:\/\/linitiative.ca\/International\/le-conseil-de-la-region-de-loriental-approuve-son-budget-2022\/"},"modified":"2021-10-16T10:24:14","modified_gmt":"2021-10-16T14:24:14","slug":"le-conseil-de-la-region-de-loriental-approuve-son-budget-2022","status":"publish","type":"post","link":"https:\/\/linitiative.ca\/International\/le-conseil-de-la-region-de-loriental-approuve-son-budget-2022\/","title":{"rendered":"Le Conseil de la r\u00e9gion de l\u2019Oriental approuve son budget 2022"},"content":{"rendered":"<div>\n<div style=\"margin-bottom:20px;\"><img loading=\"lazy\" decoding=\"async\" width=\"750\" height=\"430\" src=\"https:\/\/linitiative.ca\/International\/wp-content\/uploads\/sites\/23\/2021\/10\/Conseil-de-la-RC3A9gion-de-lOriental-M750C397430-MAP.jpg\" class=\"attachment-post-thumbnail size-post-thumbnail wp-post-image\" alt=\"\" srcset=\"https:\/\/linitiative.ca\/International\/wp-content\/uploads\/sites\/23\/2021\/10\/Conseil-de-la-RC3A9gion-de-lOriental-M750C397430-MAP.jpg 750w, http:\/\/www.mapoujda.ma\/map\/uploads\/2021\/10\/Conseil-de-la-R\u00e9gion-de-lOriental-M750\u00d7430-MAP-300x172.jpg 300w\" sizes=\"auto, (max-width: 750px) 100vw, 750px\"><\/div>\n<p style=\"text-align: justify;\">Le Conseil de la r\u00e9gion de l\u2019Oriental, r\u00e9uni jeudi \u00e0 Oujda, en session ordinaire au titre du mois d\u2019octobre,\u00a0a approuv\u00e9 son budget pour l\u2019exercice 2022 .<\/p>\n<p style=\"text-align: justify;\">Le budget adopt\u00e9 lors de cette session tenue sous la pr\u00e9sidence du pr\u00e9sident du Conseil, Abdenbi Bioui, s\u2019\u00e9l\u00e8ve \u00e0 1,01,633MMDH.<\/p>\n<p style=\"text-align: justify;\">Les recettes pr\u00e9vues devraient ainsi atteindre 659, 8MDH, contre des d\u00e9penses de fonctionnement estim\u00e9es \u00e0 440,8 MDH.<\/p>\n<p style=\"text-align: justify;\">Dans une d\u00e9claration \u00e0 la presse, M. Bioui a indiqu\u00e9 que l\u2019action du Conseil de la r\u00e9gion de l\u2019Oriental est ax\u00e9e sur la poursuite\u00a0des chantiers de d\u00e9veloppement du monde rural ainsi que la promotion de l\u2019emploi et des investissements.<\/p>\n<p style=\"text-align: justify;\">Lors de cette session, il a \u00e9t\u00e9 proc\u00e9d\u00e9\u00a0 \u00e9galement, \u00e0 la constitution des commissions permanentes et l\u2019\u00e9lection de leurs Pr\u00e9sidents et Adjoints.<\/p>\n<p>L\u2019article <a rel=\"nofollow\" href=\"http:\/\/www.mapoujda.ma\/fr\/le-conseil-de-la-region-de-loriental-approuve-son-budget-2022\/\">Le Conseil de la r\u00e9gion de l\u2019Oriental approuve son budget 2022<\/a> est apparu en premier sur <a rel=\"nofollow\" href=\"http:\/\/www.mapoujda.ma\/fr\">MapOujda<\/a>.<\/p>\n<\/div>\n<p>Auteur: Soufiane ELAHMAR<br \/>\n<a href=\"http:\/\/www.mapoujda.ma\/fr\/le-conseil-de-la-region-de-loriental-approuve-son-budget-2022\/\">Cliquez ici pour lire l&rsquo;article depuis sa source.<\/a><\/p>\n","protected":false},"excerpt":{"rendered":"<p>Le Conseil de la r\u00e9gion de l\u2019Oriental, r\u00e9uni jeudi \u00e0 Oujda, en session ordinaire au titre du mois d\u2019octobre,\u00a0a approuv\u00e9 son budget pour l\u2019exercice 2022 . Le budget adopt\u00e9 lors de cette session tenue sous la pr\u00e9sidence du pr\u00e9sident du Conseil, Abdenbi Bioui, s\u2019\u00e9l\u00e8ve \u00e0 1,01,633MMDH. Les recettes pr\u00e9vues devraient ainsi atteindre 659, 8MDH, contre [&hellip;]<\/p>\n","protected":false},"author":1788,"featured_media":0,"comment_status":"closed","ping_status":"closed","sticky":false,"template":"","format":"standard","meta":{"fifu_image_url":"http:\/\/www.mapoujda.ma\/map\/uploads\/2021\/10\/Conseil-de-la-R\u00e9gion-de-lOriental-M750\u00d7430-MAP.jpg","fifu_image_alt":"Le Conseil de la r\u00e9gion de l\u2019Oriental approuve son budget 2022","footnotes":""},"categories":[54,76],"tags":[],"class_list":["post-130118","post","type-post","status-publish","format-standard","hentry","category-maroc","category-regions"],"_links":{"self":[{"href":"https:\/\/linitiative.ca\/International\/wp-json\/wp\/v2\/posts\/130118","targetHints":{"allow":["GET"]}}],"collection":[{"href":"https:\/\/linitiative.ca\/International\/wp-json\/wp\/v2\/posts"}],"about":[{"href":"https:\/\/linitiative.ca\/International\/wp-json\/wp\/v2\/types\/post"}],"author":[{"embeddable":true,"href":"https:\/\/linitiative.ca\/International\/wp-json\/wp\/v2\/users\/1788"}],"replies":[{"embeddable":true,"href":"https:\/\/linitiative.ca\/International\/wp-json\/wp\/v2\/comments?post=130118"}],"version-history":[{"count":0,"href":"https:\/\/linitiative.ca\/International\/wp-json\/wp\/v2\/posts\/130118\/revisions"}],"wp:attachment":[{"href":"https:\/\/linitiative.ca\/International\/wp-json\/wp\/v2\/media?parent=130118"}],"wp:term":[{"taxonomy":"category","embeddable":true,"href":"https:\/\/linitiative.ca\/International\/wp-json\/wp\/v2\/categories?post=130118"},{"taxonomy":"post_tag","embeddable":true,"href":"https:\/\/linitiative.ca\/International\/wp-json\/wp\/v2\/tags?post=130118"}],"curies":[{"name":"wp","href":"https:\/\/api.w.org\/{rel}","templated":true}]}}