{"id":13012,"date":"2019-02-11T15:14:23","date_gmt":"2019-02-11T20:14:23","guid":{"rendered":"https:\/\/linitiative.ca\/International\/international-man-united-alexis-sanchez-reve-de-ligue-des-champions\/"},"modified":"2019-02-11T15:14:23","modified_gmt":"2019-02-11T20:14:23","slug":"international-man-united-alexis-sanchez-reve-de-ligue-des-champions","status":"publish","type":"post","link":"https:\/\/linitiative.ca\/International\/international-man-united-alexis-sanchez-reve-de-ligue-des-champions\/","title":{"rendered":"International : Man United : Alexis Sanchez r\u00eave de Ligue des Champions"},"content":{"rendered":"<div readability=\"32\">\n<p>Auteur : <span class=\"time\">lundi 11 f\u00e9vrier 2019 12:22<\/span><\/p>\n<\/div>\n<div id=\"post_core\" readability=\"51\">\n<p>Le Chilien, peu \u00e0 son aise depuis son arriv\u00e9e \u00e0 Manchester l&rsquo;hiver dernier, est d\u00e9termin\u00e9 \u00e0 poursuivre son r\u00eave \u00e0 Old Trafford : \u00ab\u00a0La Ligue des champions est un r\u00eave pour tout footballeur\u00a0\u00bb, a-t-il dit au Mirror avant le match de mardi face au PSG.<\/p>\n<p>\u00ab\u00a0J&rsquo;ai v\u00e9cu avec ce r\u00eave \u00e0 Barcelone et vu \u00e0 quoi cela ressemblait. J&rsquo;esp\u00e8re que je pourrai la gagner un jour, et pourquoi pas ici ? Nous sommes sortis de la phase de poules et maintenant nous jouons contre Paris. C&rsquo;est un gros test mais ce sont 180 minutes de football et tout peut arriver.\u00a0\u00bb<\/p>\n<p>\u00ab\u00a0United est un club avec un grande histoire, capable de battre n&rsquo;importe quel rival. Si on gagne sans prendre de but \u00e0 Old Trafford, alors je pense que l&rsquo;on sera favoris pour le match retour. Je pense qu&rsquo;on peut le faire et je vois cette \u00e9quipe de United capable de marquer \u00e0 Paris.\u00a0\u00bb Des propos relay\u00e9s par Goal.<\/p>\n<p><strong>Publi\u00e9 dans :<\/strong> <span>manchester united<\/span><\/p>\n<\/div>\n","protected":false},"excerpt":{"rendered":"<p>Auteur : lundi 11 f\u00e9vrier 2019 12:22 Le Chilien, peu \u00e0 son aise depuis son arriv\u00e9e \u00e0 Manchester l&rsquo;hiver dernier, est d\u00e9termin\u00e9 \u00e0 poursuivre son r\u00eave \u00e0 Old Trafford : \u00ab\u00a0La Ligue des champions est un r\u00eave pour tout footballeur\u00a0\u00bb, a-t-il dit au Mirror avant le match de mardi face au PSG. \u00ab\u00a0J&rsquo;ai v\u00e9cu avec [&hellip;]<\/p>\n","protected":false},"author":1738,"featured_media":13013,"comment_status":"closed","ping_status":"closed","sticky":false,"template":"","format":"standard","meta":{"fifu_image_url":"","fifu_image_alt":"","footnotes":""},"categories":[53,75],"tags":[],"class_list":["post-13012","post","type-post","status-publish","format-standard","has-post-thumbnail","hentry","category-algerie","category-sport"],"_links":{"self":[{"href":"https:\/\/linitiative.ca\/International\/wp-json\/wp\/v2\/posts\/13012","targetHints":{"allow":["GET"]}}],"collection":[{"href":"https:\/\/linitiative.ca\/International\/wp-json\/wp\/v2\/posts"}],"about":[{"href":"https:\/\/linitiative.ca\/International\/wp-json\/wp\/v2\/types\/post"}],"author":[{"embeddable":true,"href":"https:\/\/linitiative.ca\/International\/wp-json\/wp\/v2\/users\/1738"}],"replies":[{"embeddable":true,"href":"https:\/\/linitiative.ca\/International\/wp-json\/wp\/v2\/comments?post=13012"}],"version-history":[{"count":0,"href":"https:\/\/linitiative.ca\/International\/wp-json\/wp\/v2\/posts\/13012\/revisions"}],"wp:featuredmedia":[{"embeddable":true,"href":"https:\/\/linitiative.ca\/International\/wp-json\/"}],"wp:attachment":[{"href":"https:\/\/linitiative.ca\/International\/wp-json\/wp\/v2\/media?parent=13012"}],"wp:term":[{"taxonomy":"category","embeddable":true,"href":"https:\/\/linitiative.ca\/International\/wp-json\/wp\/v2\/categories?post=13012"},{"taxonomy":"post_tag","embeddable":true,"href":"https:\/\/linitiative.ca\/International\/wp-json\/wp\/v2\/tags?post=13012"}],"curies":[{"name":"wp","href":"https:\/\/api.w.org\/{rel}","templated":true}]}}