{"id":130120,"date":"2021-10-16T11:28:31","date_gmt":"2021-10-16T15:28:31","guid":{"rendered":"https:\/\/linitiative.ca\/International\/le-9e-festival-international-cinema-et-immigration-du-20-au-23-octobre\/"},"modified":"2021-10-16T11:28:31","modified_gmt":"2021-10-16T15:28:31","slug":"le-9e-festival-international-cinema-et-immigration-du-20-au-23-octobre","status":"publish","type":"post","link":"https:\/\/linitiative.ca\/International\/le-9e-festival-international-cinema-et-immigration-du-20-au-23-octobre\/","title":{"rendered":"Le 9\u00e8 Festival international cin\u00e9ma et immigration, du 20 au 23 octobre"},"content":{"rendered":"<div>\n<div style=\"margin-bottom:20px;\"><img loading=\"lazy\" decoding=\"async\" width=\"750\" height=\"430\" src=\"https:\/\/linitiative.ca\/International\/wp-content\/uploads\/sites\/23\/2021\/10\/Affiche-festival-international-du-cinC3A9ma-et-immigration-oujda-750C397430.jpg\" class=\"attachment-post-thumbnail size-post-thumbnail wp-post-image\" alt=\"\" srcset=\"https:\/\/linitiative.ca\/International\/wp-content\/uploads\/sites\/23\/2021\/10\/Affiche-festival-international-du-cinC3A9ma-et-immigration-oujda-750C397430.jpg 750w, http:\/\/www.mapoujda.ma\/map\/uploads\/2021\/10\/Affiche-festival-international-du-cin\u00e9ma-et-immigration-oujda-750\u00d7430-300x172.jpg 300w\" sizes=\"auto, (max-width: 750px) 100vw, 750px\"><\/div>\n<p style=\"text-align: justify;\">La 9\u00e8me \u00e9dition du Festival international cin\u00e9ma et immigration d\u2019Oujda aura lieu du 20 au 23 octobre courant, sous le th\u00e8me \u00ab\u00a0Le r\u00f4le du cin\u00e9ma dans le renforcement de la s\u00e9curit\u00e9 culturelle des soci\u00e9t\u00e9s\u00a0\u00bb.<\/p>\n<p style=\"text-align: justify;\">\u00a0Selon les organisateurs, cette \u00e9dition conna\u00eetra la participation de 11 films issus de plusieurs pays en l\u2019occurrence : le Maroc, la Tunisie, la Libye, l\u2019Alg\u00e9rie, l\u2019Egypte, la Turquie, la Palestine et l\u2019Inde.<\/p>\n<p style=\"text-align: justify;\">En effet, quatre films vont participer \u00e0 la comp\u00e9tition officielle des longs m\u00e9trages et sept pour la comp\u00e9tition des courts m\u00e9trages.<\/p>\n<p style=\"text-align: justify;\">Selon la m\u00eame source, plusieurs prix seront attribu\u00e9s en marge de ce festival : le Grand Prix du festival, prix du jury, prix du meilleur sc\u00e9nario, prix de la meilleure interpr\u00e9tation masculine et f\u00e9minine.<\/p>\n<p style=\"text-align: justify;\">Le jury de cette \u00e9dition est form\u00e9 par le r\u00e9alisateur Fouad Souiba, l\u2019acteur et producteur allemand Peter Jams, le r\u00e9alisateur Rabii El Jaouhari, et autres.<\/p>\n<p style=\"text-align: justify;\">\u00a0Cette 9\u00e8me \u00e9dition sera marqu\u00e9e par un hommage \u00e0 plusieurs figures de la sc\u00e8ne \u00e0 l\u2019instar de l\u2019acteur Mohamed Amine Benjelloun, r\u00e9sidant au Canada ou Kamal Kinzou, acteur r\u00e9sidant en Belgique.<\/p>\n<p style=\"text-align: justify;\">\u00a0De m\u00eame, cette \u00e9dition conna\u00eetra l\u2019organisation des rencontres-d\u00e9bat autour du cin\u00e9ma, des masters class et la projection de films sur le Sahara Marocain.<\/p>\n<p>L\u2019article <a rel=\"nofollow\" href=\"http:\/\/www.mapoujda.ma\/fr\/le-9e-festival-international-cinema-et-immigration-du-20-au-23-octobre\/\">Le 9\u00e8 Festival international cin\u00e9ma et immigration, du 20 au 23 octobre<\/a> est apparu en premier sur <a rel=\"nofollow\" href=\"http:\/\/www.mapoujda.ma\/fr\">MapOujda<\/a>.<\/p>\n<\/div>\n<p>Auteur: Soufiane ELAHMAR<br \/>\n<a href=\"http:\/\/www.mapoujda.ma\/fr\/le-9e-festival-international-cinema-et-immigration-du-20-au-23-octobre\/\">Cliquez ici pour lire l&rsquo;article depuis sa source.<\/a><\/p>\n","protected":false},"excerpt":{"rendered":"<p>La 9\u00e8me \u00e9dition du Festival international cin\u00e9ma et immigration d\u2019Oujda aura lieu du 20 au 23 octobre courant, sous le th\u00e8me \u00ab\u00a0Le r\u00f4le du cin\u00e9ma dans le renforcement de la s\u00e9curit\u00e9 culturelle des soci\u00e9t\u00e9s\u00a0\u00bb. \u00a0Selon les organisateurs, cette \u00e9dition conna\u00eetra la participation de 11 films issus de plusieurs pays en l\u2019occurrence : le Maroc, la [&hellip;]<\/p>\n","protected":false},"author":1788,"featured_media":0,"comment_status":"closed","ping_status":"closed","sticky":false,"template":"","format":"standard","meta":{"fifu_image_url":"http:\/\/www.mapoujda.ma\/map\/uploads\/2021\/10\/Affiche-festival-international-du-cin\u00e9ma-et-immigration-oujda-750\u00d7430.jpg","fifu_image_alt":"Le 9\u00e8 Festival international cin\u00e9ma et immigration, du 20 au 23 octobre","footnotes":""},"categories":[54,76],"tags":[],"class_list":["post-130120","post","type-post","status-publish","format-standard","hentry","category-maroc","category-regions"],"_links":{"self":[{"href":"https:\/\/linitiative.ca\/International\/wp-json\/wp\/v2\/posts\/130120","targetHints":{"allow":["GET"]}}],"collection":[{"href":"https:\/\/linitiative.ca\/International\/wp-json\/wp\/v2\/posts"}],"about":[{"href":"https:\/\/linitiative.ca\/International\/wp-json\/wp\/v2\/types\/post"}],"author":[{"embeddable":true,"href":"https:\/\/linitiative.ca\/International\/wp-json\/wp\/v2\/users\/1788"}],"replies":[{"embeddable":true,"href":"https:\/\/linitiative.ca\/International\/wp-json\/wp\/v2\/comments?post=130120"}],"version-history":[{"count":0,"href":"https:\/\/linitiative.ca\/International\/wp-json\/wp\/v2\/posts\/130120\/revisions"}],"wp:attachment":[{"href":"https:\/\/linitiative.ca\/International\/wp-json\/wp\/v2\/media?parent=130120"}],"wp:term":[{"taxonomy":"category","embeddable":true,"href":"https:\/\/linitiative.ca\/International\/wp-json\/wp\/v2\/categories?post=130120"},{"taxonomy":"post_tag","embeddable":true,"href":"https:\/\/linitiative.ca\/International\/wp-json\/wp\/v2\/tags?post=130120"}],"curies":[{"name":"wp","href":"https:\/\/api.w.org\/{rel}","templated":true}]}}