{"id":130122,"date":"2021-10-16T13:34:02","date_gmt":"2021-10-16T17:34:02","guid":{"rendered":"https:\/\/linitiative.ca\/International\/partenariat-pour-le-soutien-a-la-structuration-de-lexploitation-du-charbon\/"},"modified":"2021-10-16T13:34:02","modified_gmt":"2021-10-16T17:34:02","slug":"partenariat-pour-le-soutien-a-la-structuration-de-lexploitation-du-charbon","status":"publish","type":"post","link":"https:\/\/linitiative.ca\/International\/partenariat-pour-le-soutien-a-la-structuration-de-lexploitation-du-charbon\/","title":{"rendered":"Partenariat pour le soutien \u00e0 la structuration de l\u2019exploitation du charbon"},"content":{"rendered":"<div>\n<div style=\"margin-bottom:20px;\"><img loading=\"lazy\" decoding=\"async\" width=\"750\" height=\"430\" src=\"https:\/\/linitiative.ca\/International\/wp-content\/uploads\/sites\/23\/2021\/10\/ville-de-jerada.jpg\" class=\"attachment-post-thumbnail size-post-thumbnail wp-post-image\" alt=\"\" srcset=\"https:\/\/linitiative.ca\/International\/wp-content\/uploads\/sites\/23\/2021\/10\/ville-de-jerada.jpg 750w, http:\/\/www.mapoujda.ma\/map\/uploads\/2021\/10\/ville-de-jerada-300x172.jpg 300w\" sizes=\"auto, (max-width: 750px) 100vw, 750px\"><\/div>\n<div>\n<p style=\"text-align: justify;\">Le si\u00e8ge de la pr\u00e9fecture de la province de Jerada a accueilli, vendredi, la c\u00e9r\u00e9monie de signature d\u2019une convention de partenariat visant le soutien de la structuration du secteur d\u2019exploitation du charbon dans la province.<\/p>\n<p style=\"text-align: justify;\">Deux camions, acquis pour un montant de 1,7 million de dirhams (MDH) et des \u00e9quipements de s\u00e9curit\u00e9 d\u2019une valeur de 750 mille dirhams, ont \u00e9t\u00e9 remis, \u00e0 cette occasion, au profit de la soci\u00e9t\u00e9 \u00abCoal Jerada Limited\u00bb, cr\u00e9\u00e9e pour couronner le processus de structuration de ce secteur.<\/p>\n<p style=\"text-align: justify;\">Ces actions s\u2019inscrivent dans le cadre de la mise en \u0153uvre des engagements tenus pour interagir positivement avec les revendications de la population locale, notamment en mati\u00e8re de promotion de la situation \u00e9conomique et sociale des exploitants des puits de charbon de Jerada.<\/p>\n<p style=\"text-align: justify;\">La convention a \u00e9t\u00e9 sign\u00e9e par les repr\u00e9sentants de la province de Jerada, du Centre r\u00e9gional d\u2019investissement (CRI) de l\u2019Oriental, de la soci\u00e9t\u00e9 \u00abCoal Jerada Limited\u00bb, du groupement d\u2019int\u00e9r\u00eat \u00e9conomique \u00abJerada Mines\u00bb et de la soci\u00e9t\u00e9 \u00abProximity Management\u00bb.<\/p>\n<p style=\"text-align: justify;\">Cet accord vise \u00e0 f\u00e9d\u00e9rer l\u2019ensemble des exploitants exer\u00e7ant dans le secteur du charbon dans le cadre d\u2019un projet int\u00e9gr\u00e9, leur permettant de d\u00e9velopper leurs capacit\u00e9s de production et de commercialisation, tout en leur assurant des conditions de travail ad\u00e9quates, en particulier en mati\u00e8re de s\u00e9curit\u00e9 et de s\u00fbret\u00e9 au travail.<\/p>\n<p style=\"text-align: justify;\">Par ailleurs, un montant de 5,9 MDH a \u00e9t\u00e9 remis \u00e0 la soci\u00e9t\u00e9 \u00abCoal Jerada Limited\u00bb en vue de renforcer la s\u00e9curit\u00e9 corporelle des ouvriers, acqu\u00e9rir des \u00e9quipements de production et couvrir les frais de fonctionnement de la premi\u00e8re ann\u00e9e d\u2019exploitation dans le cadre d\u2019une bonne gouvernance \u00e0 m\u00eame de garantir la durabilit\u00e9 du projet.<\/p>\n<p style=\"text-align: justify;\">Ce projet, d\u2019un co\u00fbt global de 10 MDH, permettra aux travailleurs du secteur de commercialiser leur production de charbon aupr\u00e8s de l\u2019Office national de l\u2019\u00e9lectricit\u00e9 et de l\u2019eau potable (ONEE) -Branche Electricit\u00e9-, en plus de b\u00e9n\u00e9ficier de la couverture m\u00e9dicale et sociale et de l\u2019assurance, ainsi que de conditions de s\u00e9curit\u00e9 am\u00e9lior\u00e9es.<\/p>\n<p style=\"text-align: justify;\">Dans une allocution \u00e0 cette occasion, le gouverneur de la province de Jerada, Mabrouk Tabet, a exprim\u00e9 ses remerciements \u00e0 l\u2019ensemble des partenaires engag\u00e9s dans ce projet, en particulier le d\u00e9partement de tutelle qui a accompagn\u00e9 les diff\u00e9rentes phases de mise en \u0153uvre de la feuille de route visant la restructuration de ce secteur, en vue de l\u2019adapter aux lois et r\u00e9glementations en vigueur, notamment la loi n\u00b033.13 relative aux mines, en plus de s\u2019engager \u00e0 poursuivre l\u2019accompagnement en encadrant les travailleurs concern\u00e9s et en facilitant l\u2019acc\u00e8s aux march\u00e9s.<\/p>\n<p style=\"text-align: justify;\">Il a aussi invit\u00e9 le groupement d\u2019int\u00e9r\u00eat \u00e9conomique \u00abJerada Mines\u00bb \u00e0 veiller sur le respect des crit\u00e8res requis pour le charbon, afin que sa production puisse \u00eatre exploit\u00e9e par la soci\u00e9t\u00e9 chinoise \u00abSEPCO III\u00bb dans le cadre de la convention de partenariat qui est en cours de signature avec les services de l\u2019ONEE.<\/p>\n<p style=\"text-align: justify;\">Dans une d\u00e9claration \u00e0 la cha\u00eene d\u2019information de la MAP \u00abM24\u00bb, le g\u00e9rant de la soci\u00e9t\u00e9 \u00abCoal Jerada Limited\u00bb, Benyamine Boulenouar, a indiqu\u00e9 que les camions et les \u00e9quipements de s\u00e9curit\u00e9 remis dans le cadre de ce partenariat permettront \u00e0 la soci\u00e9t\u00e9 de garantir les conditions de s\u00e9curit\u00e9 n\u00e9cessaires pour les travailleurs, en plus de collecter la production de l\u2019ensemble des coop\u00e9ratives \u0153uvrant dans ce secteur, au niveau d\u2019un seul entrep\u00f4t qui est en cours de construction \u00e0 Jerada, afin de faciliter l\u2019acc\u00e8s au march\u00e9 local et national.<\/p>\n<p style=\"text-align: justify;\">De son c\u00f4t\u00e9, le directeur du groupement d\u2019int\u00e9r\u00eat \u00e9conomique \u00abJerada Mines\u00bb, Abdelilah Rachidi, a salu\u00e9 les efforts de l\u2019ensemble des intervenants ayant contribu\u00e9 au succ\u00e8s de ce projet, qui permet de d\u00e9velopper les capacit\u00e9s de production et de commercialisation des travailleurs du secteur et d\u2019am\u00e9liorer leurs conditions sociales et de travail.<\/p>\n<\/div>\n<p>L\u2019article <a rel=\"nofollow\" href=\"http:\/\/www.mapoujda.ma\/fr\/partenariat-pour-le-soutien-a-la-structuration-de-lexploitation-du-charbon\/\">Partenariat pour le soutien \u00e0 la structuration de l\u2019exploitation du charbon<\/a> est apparu en premier sur <a rel=\"nofollow\" href=\"http:\/\/www.mapoujda.ma\/fr\">MapOujda<\/a>.<\/p>\n<\/div>\n<p>Auteur: Soufiane ELAHMAR<br \/>\n<a href=\"http:\/\/www.mapoujda.ma\/fr\/partenariat-pour-le-soutien-a-la-structuration-de-lexploitation-du-charbon\/\">Cliquez ici pour lire l&rsquo;article depuis sa source.<\/a><\/p>\n","protected":false},"excerpt":{"rendered":"<p>Le si\u00e8ge de la pr\u00e9fecture de la province de Jerada a accueilli, vendredi, la c\u00e9r\u00e9monie de signature d\u2019une convention de partenariat visant le soutien de la structuration du secteur d\u2019exploitation du charbon dans la province. Deux camions, acquis pour un montant de 1,7 million de dirhams (MDH) et des \u00e9quipements de s\u00e9curit\u00e9 d\u2019une valeur de [&hellip;]<\/p>\n","protected":false},"author":1788,"featured_media":0,"comment_status":"closed","ping_status":"closed","sticky":false,"template":"","format":"standard","meta":{"fifu_image_url":"http:\/\/www.mapoujda.ma\/map\/uploads\/2021\/10\/ville-de-jerada.jpg","fifu_image_alt":"Partenariat pour le soutien \u00e0 la structuration de l\u2019exploitation du charbon","footnotes":""},"categories":[54,76],"tags":[],"class_list":["post-130122","post","type-post","status-publish","format-standard","hentry","category-maroc","category-regions"],"_links":{"self":[{"href":"https:\/\/linitiative.ca\/International\/wp-json\/wp\/v2\/posts\/130122","targetHints":{"allow":["GET"]}}],"collection":[{"href":"https:\/\/linitiative.ca\/International\/wp-json\/wp\/v2\/posts"}],"about":[{"href":"https:\/\/linitiative.ca\/International\/wp-json\/wp\/v2\/types\/post"}],"author":[{"embeddable":true,"href":"https:\/\/linitiative.ca\/International\/wp-json\/wp\/v2\/users\/1788"}],"replies":[{"embeddable":true,"href":"https:\/\/linitiative.ca\/International\/wp-json\/wp\/v2\/comments?post=130122"}],"version-history":[{"count":0,"href":"https:\/\/linitiative.ca\/International\/wp-json\/wp\/v2\/posts\/130122\/revisions"}],"wp:attachment":[{"href":"https:\/\/linitiative.ca\/International\/wp-json\/wp\/v2\/media?parent=130122"}],"wp:term":[{"taxonomy":"category","embeddable":true,"href":"https:\/\/linitiative.ca\/International\/wp-json\/wp\/v2\/categories?post=130122"},{"taxonomy":"post_tag","embeddable":true,"href":"https:\/\/linitiative.ca\/International\/wp-json\/wp\/v2\/tags?post=130122"}],"curies":[{"name":"wp","href":"https:\/\/api.w.org\/{rel}","templated":true}]}}