{"id":13014,"date":"2019-02-11T15:14:24","date_gmt":"2019-02-11T20:14:24","guid":{"rendered":"https:\/\/linitiative.ca\/International\/international-real-madrid-mauvaise-nouvelle-pour-benzema\/"},"modified":"2019-02-11T15:14:24","modified_gmt":"2019-02-11T20:14:24","slug":"international-real-madrid-mauvaise-nouvelle-pour-benzema","status":"publish","type":"post","link":"https:\/\/linitiative.ca\/International\/international-real-madrid-mauvaise-nouvelle-pour-benzema\/","title":{"rendered":"International : Real Madrid: Mauvaise nouvelle pour Benzema?"},"content":{"rendered":"<div readability=\"32\">\n<p>Auteur : <span class=\"time\">lundi 11 f\u00e9vrier 2019 16:14<\/span><\/p>\n<\/div>\n<div id=\"post_core\" readability=\"40\">\n<p>L&rsquo;attaquant fran\u00e7ais du Real Madrid, Karim Benzema, a \u00e9t\u00e9 laiss\u00e9 au repos ce lundi matin par son entra\u00eeneur, Santiago Solari, en raison d&rsquo;une douleur au cou. Une pr\u00e9caution qui intervient \u00e0 seulement deux jours d&rsquo;affronter l&rsquo;Ajax Amsterdam en huiti\u00e8mes de finale aller de la Ligue des Champions, mercredi. L&rsquo;international fran\u00e7ais (31 ans) est le joueur du Real Madrid le plus utilis\u00e9 cette saison avec 37 matchs pour 18 buts toutes comp\u00e9titions confondues. Marcos Llorente et Isco (dorsalgie) \u00e9taient \u00e9galement absents de l&rsquo;entra\u00eenement rapporte l\u2019Equipe.fr.<\/p>\n<p><strong>Publi\u00e9 dans :<\/strong> <span>benzema<\/span><\/p>\n<\/div>\n","protected":false},"excerpt":{"rendered":"<p>Auteur : lundi 11 f\u00e9vrier 2019 16:14 L&rsquo;attaquant fran\u00e7ais du Real Madrid, Karim Benzema, a \u00e9t\u00e9 laiss\u00e9 au repos ce lundi matin par son entra\u00eeneur, Santiago Solari, en raison d&rsquo;une douleur au cou. Une pr\u00e9caution qui intervient \u00e0 seulement deux jours d&rsquo;affronter l&rsquo;Ajax Amsterdam en huiti\u00e8mes de finale aller de la Ligue des Champions, mercredi. [&hellip;]<\/p>\n","protected":false},"author":1738,"featured_media":13015,"comment_status":"closed","ping_status":"closed","sticky":false,"template":"","format":"standard","meta":{"fifu_image_url":"","fifu_image_alt":"","footnotes":""},"categories":[53,75],"tags":[],"class_list":["post-13014","post","type-post","status-publish","format-standard","has-post-thumbnail","hentry","category-algerie","category-sport"],"_links":{"self":[{"href":"https:\/\/linitiative.ca\/International\/wp-json\/wp\/v2\/posts\/13014","targetHints":{"allow":["GET"]}}],"collection":[{"href":"https:\/\/linitiative.ca\/International\/wp-json\/wp\/v2\/posts"}],"about":[{"href":"https:\/\/linitiative.ca\/International\/wp-json\/wp\/v2\/types\/post"}],"author":[{"embeddable":true,"href":"https:\/\/linitiative.ca\/International\/wp-json\/wp\/v2\/users\/1738"}],"replies":[{"embeddable":true,"href":"https:\/\/linitiative.ca\/International\/wp-json\/wp\/v2\/comments?post=13014"}],"version-history":[{"count":0,"href":"https:\/\/linitiative.ca\/International\/wp-json\/wp\/v2\/posts\/13014\/revisions"}],"wp:featuredmedia":[{"embeddable":true,"href":"https:\/\/linitiative.ca\/International\/wp-json\/"}],"wp:attachment":[{"href":"https:\/\/linitiative.ca\/International\/wp-json\/wp\/v2\/media?parent=13014"}],"wp:term":[{"taxonomy":"category","embeddable":true,"href":"https:\/\/linitiative.ca\/International\/wp-json\/wp\/v2\/categories?post=13014"},{"taxonomy":"post_tag","embeddable":true,"href":"https:\/\/linitiative.ca\/International\/wp-json\/wp\/v2\/tags?post=13014"}],"curies":[{"name":"wp","href":"https:\/\/api.w.org\/{rel}","templated":true}]}}