{"id":130144,"date":"2021-10-16T04:00:00","date_gmt":"2021-10-16T08:00:00","guid":{"rendered":"https:\/\/linitiative.ca\/International\/le-nouvel-ambassadeur-de-tunisie-a-stockholm-riadh-ben-slimane-une-attention-royale\/"},"modified":"2021-10-16T04:00:00","modified_gmt":"2021-10-16T08:00:00","slug":"le-nouvel-ambassadeur-de-tunisie-a-stockholm-riadh-ben-slimane-une-attention-royale","status":"publish","type":"post","link":"https:\/\/linitiative.ca\/International\/le-nouvel-ambassadeur-de-tunisie-a-stockholm-riadh-ben-slimane-une-attention-royale\/","title":{"rendered":"Le nouvel ambassadeur de Tunisie \u00e0 Stockholm, Riadh Ben Slimane: Une attention royale"},"content":{"rendered":"<div><img decoding=\"async\" src=\"https:\/\/linitiative.ca\/International\/wp-content\/uploads\/sites\/23\/2021\/10\/1634330663_article.jpg\" alt=\"Le nouvel ambassadeur de Tunisie \u00e0 Stockholm, Riadh Ben Slimane: Une attention royale\" align=\"left\">Le Roi de Su\u00e8de Carl XVI Gustaf garde une attention toute particuli\u00e8re \u00e0 l\u2019\u00e9gard de la Tunisie, un pays qu\u2019il avait visit\u00e9, en tant que jeune prince h\u00e9ritier, \u00e0 l\u2019automne 1966. Recevant, fin ao\u00fbt dernier, le nouvel ambassadeur de Tunisie \u00e0 Stockholm, Riadh Ben Slimane, il s\u2019est f\u00e9licit\u00e9 de la qualit\u00e9 des relations bilat\u00e9rales qu\u2019il a qualifi\u00e9es d\u2019excellentes.<br \/>\nUne c\u00e9r\u00e9monie haute en couleur \u00e0 l\u2019image de la qualit\u00e9 des relations entre les deux pays. Cette audience royale constitue la deuxi\u00e8me partie de la pr\u00e9sentation des lettres de cr\u00e9ance depuis l\u2019apparition du Covid-19. L\u2019ambassadeur Ben Slimane avait pr\u00e9sent\u00e9 ses lettres de cr\u00e9ance au ministre &#8230;<\/p>\n<\/div>\n<p>Auteur:<br \/>\n<a href=\"https:\/\/www.leaders.com.tn\/article\/32537-le-nouvel-ambassadeur-de-tunisie-a-stockholm-riadh-ben-slimane-une-attention-royale\">Cliquez ici pour lire l&rsquo;article depuis sa source.<\/a><\/p>\n","protected":false},"excerpt":{"rendered":"<p>Le Roi de Su\u00e8de Carl XVI Gustaf garde une attention toute particuli\u00e8re \u00e0 l\u2019\u00e9gard de la Tunisie, un pays qu\u2019il avait visit\u00e9, en tant que jeune prince h\u00e9ritier, \u00e0 l\u2019automne 1966. Recevant, fin ao\u00fbt dernier, le nouvel ambassadeur de Tunisie \u00e0 Stockholm, Riadh Ben Slimane, il s\u2019est f\u00e9licit\u00e9 de la qualit\u00e9 des relations bilat\u00e9rales qu\u2019il [&hellip;]<\/p>\n","protected":false},"author":1772,"featured_media":0,"comment_status":"closed","ping_status":"closed","sticky":false,"template":"","format":"standard","meta":{"fifu_image_url":"http:\/\/www.leaders.com.tn\/uploads\/content\/thumbnails_small\/1634330663_article.jpg","fifu_image_alt":"Le nouvel ambassadeur de Tunisie \u00e0 Stockholm, Riadh Ben Slimane: Une attention royale","footnotes":""},"categories":[73,55],"tags":[],"class_list":["post-130144","post","type-post","status-publish","format-standard","hentry","category-actualite","category-tunisie"],"_links":{"self":[{"href":"https:\/\/linitiative.ca\/International\/wp-json\/wp\/v2\/posts\/130144","targetHints":{"allow":["GET"]}}],"collection":[{"href":"https:\/\/linitiative.ca\/International\/wp-json\/wp\/v2\/posts"}],"about":[{"href":"https:\/\/linitiative.ca\/International\/wp-json\/wp\/v2\/types\/post"}],"author":[{"embeddable":true,"href":"https:\/\/linitiative.ca\/International\/wp-json\/wp\/v2\/users\/1772"}],"replies":[{"embeddable":true,"href":"https:\/\/linitiative.ca\/International\/wp-json\/wp\/v2\/comments?post=130144"}],"version-history":[{"count":0,"href":"https:\/\/linitiative.ca\/International\/wp-json\/wp\/v2\/posts\/130144\/revisions"}],"wp:attachment":[{"href":"https:\/\/linitiative.ca\/International\/wp-json\/wp\/v2\/media?parent=130144"}],"wp:term":[{"taxonomy":"category","embeddable":true,"href":"https:\/\/linitiative.ca\/International\/wp-json\/wp\/v2\/categories?post=130144"},{"taxonomy":"post_tag","embeddable":true,"href":"https:\/\/linitiative.ca\/International\/wp-json\/wp\/v2\/tags?post=130144"}],"curies":[{"name":"wp","href":"https:\/\/api.w.org\/{rel}","templated":true}]}}