{"id":130155,"date":"2021-10-16T07:31:24","date_gmt":"2021-10-16T11:31:24","guid":{"rendered":"https:\/\/linitiative.ca\/International\/defense-des-interets-supremes-du-pays-une-question-prioritaire-pour-le-gouvernement-et-la-nation-par-mehdi-hijaouy\/"},"modified":"2021-10-16T07:31:24","modified_gmt":"2021-10-16T11:31:24","slug":"defense-des-interets-supremes-du-pays-une-question-prioritaire-pour-le-gouvernement-et-la-nation-par-mehdi-hijaouy","status":"publish","type":"post","link":"https:\/\/linitiative.ca\/International\/defense-des-interets-supremes-du-pays-une-question-prioritaire-pour-le-gouvernement-et-la-nation-par-mehdi-hijaouy\/","title":{"rendered":"D\u00e9fense des int\u00e9r\u00eats supr\u00eames du pays: une question prioritaire pour le Gouvernement et la Nation. [Par Mehdi Hijaouy]"},"content":{"rendered":"<div><img decoding=\"async\" width=\"599\" height=\"402\" src=\"https:\/\/linitiative.ca\/International\/wp-content\/uploads\/sites\/23\/2021\/10\/marocc.png\" class=\"attachment-post-thumbnail size-post-thumbnail wp-post-image\" alt=\"\" loading=\"lazy\" srcset=\"https:\/\/linitiative.ca\/International\/wp-content\/uploads\/sites\/23\/2021\/10\/marocc.png 599w, https:\/\/www.challenge.ma\/wp-content\/uploads\/2021\/10\/marocc-300x201.png 300w, https:\/\/www.challenge.ma\/wp-content\/uploads\/2021\/10\/marocc-360x242.png 360w\" sizes=\"auto, (max-width: 599px) 100vw, 599px\" itemprop=\"image\">D\u00e9roulement des \u00e9lections dans d\u2019excellentes conditions, Constitution d\u2019une forte Coalition, Formation d\u2019un Gouvernement dans les d\u00e9lais impartis, Ouverture de la session parlementaire, Tenue d\u2019un Conseil de gouvernement et Approbation par la Chambre des repr\u00e9sentants, \u00e0 la majorit\u00e9 absolue, du programme gouvernemental. Tout semble se passer \u00e0 merveille \u00e0 ce jour,<\/div>\n<p>Auteur: challenge<br \/>\n<a href=\"https:\/\/www.challenge.ma\/intelligence-securitaire-defense-des-interets-supremes-du-pays-une-question-prioritaire-pour-le-gouvernement-et-la-nation-linalterable-et-puissant-renseignement-du-maroc-une-aubaine-a-saisirpar-223726\/\">Cliquez ici pour lire l&rsquo;article depuis sa source.<\/a><\/p>\n","protected":false},"excerpt":{"rendered":"<p>D\u00e9roulement des \u00e9lections dans d\u2019excellentes conditions, Constitution d\u2019une forte Coalition, Formation d\u2019un Gouvernement dans les d\u00e9lais impartis, Ouverture de la session parlementaire, Tenue d\u2019un Conseil de gouvernement et Approbation par la Chambre des repr\u00e9sentants, \u00e0 la majorit\u00e9 absolue, du programme gouvernemental. Tout semble se passer \u00e0 merveille \u00e0 ce jour, Auteur: challenge Cliquez ici pour [&hellip;]<\/p>\n","protected":false},"author":1787,"featured_media":0,"comment_status":"closed","ping_status":"closed","sticky":false,"template":"","format":"standard","meta":{"fifu_image_url":"https:\/\/www.challenge.ma\/wp-content\/uploads\/2021\/10\/marocc.png","fifu_image_alt":"D\u00e9fense des int\u00e9r\u00eats supr\u00eames du pays: une question prioritaire pour le Gouvernement et la Nation. [Par Mehdi Hijaouy]","footnotes":""},"categories":[78,54],"tags":[],"class_list":["post-130155","post","type-post","status-publish","format-standard","hentry","category-economie","category-maroc"],"_links":{"self":[{"href":"https:\/\/linitiative.ca\/International\/wp-json\/wp\/v2\/posts\/130155","targetHints":{"allow":["GET"]}}],"collection":[{"href":"https:\/\/linitiative.ca\/International\/wp-json\/wp\/v2\/posts"}],"about":[{"href":"https:\/\/linitiative.ca\/International\/wp-json\/wp\/v2\/types\/post"}],"author":[{"embeddable":true,"href":"https:\/\/linitiative.ca\/International\/wp-json\/wp\/v2\/users\/1787"}],"replies":[{"embeddable":true,"href":"https:\/\/linitiative.ca\/International\/wp-json\/wp\/v2\/comments?post=130155"}],"version-history":[{"count":0,"href":"https:\/\/linitiative.ca\/International\/wp-json\/wp\/v2\/posts\/130155\/revisions"}],"wp:attachment":[{"href":"https:\/\/linitiative.ca\/International\/wp-json\/wp\/v2\/media?parent=130155"}],"wp:term":[{"taxonomy":"category","embeddable":true,"href":"https:\/\/linitiative.ca\/International\/wp-json\/wp\/v2\/categories?post=130155"},{"taxonomy":"post_tag","embeddable":true,"href":"https:\/\/linitiative.ca\/International\/wp-json\/wp\/v2\/tags?post=130155"}],"curies":[{"name":"wp","href":"https:\/\/api.w.org\/{rel}","templated":true}]}}