{"id":130159,"date":"2021-10-16T16:16:37","date_gmt":"2021-10-16T20:16:37","guid":{"rendered":"https:\/\/linitiative.ca\/International\/tunisie-tv5-monde-video-les-vraies-raisons-du-report-du-sommet-de-la-francophonie-a-djerba\/"},"modified":"2021-10-16T16:16:37","modified_gmt":"2021-10-16T20:16:37","slug":"tunisie-tv5-monde-video-les-vraies-raisons-du-report-du-sommet-de-la-francophonie-a-djerba","status":"publish","type":"post","link":"https:\/\/linitiative.ca\/International\/tunisie-tv5-monde-video-les-vraies-raisons-du-report-du-sommet-de-la-francophonie-a-djerba\/","title":{"rendered":"Tunisie \u2013 TV5 Monde\u00a0: VIDEO\u00a0: Les vraies raisons du report du sommet de la francophonie \u00e0 Djerba\u00a0!"},"content":{"rendered":"<div>\n<p>La chaine de TV fran\u00e7aise, TV5 Monde, a d\u00e9voil\u00e9, dans un document diffus\u00e9 \u00e0 partir de Djerba, les vraies raisons du report du sommet de la francophonie qui devait se tenir eu l\u2019\u00eele, en novembre prochain. La journaliste auteure de cet \u00e9l\u00e9ment a assur\u00e9 que bien que les tunisiens essaient d\u2019expliquer ce report de plusieurs [\u2026]<\/p>\n<p>L\u2019article <a href=\"https:\/\/www.tunisienumerique.com\/tunisie-tv5-monde-video-les-vraies-raisons-du-report-du-sommet-de-la-francophonie-a-djerba\/\">Tunisie \u2013 TV5 Monde\u00a0: VIDEO\u00a0: Les vraies raisons du report du sommet de la francophonie \u00e0 Djerba\u00a0!<\/a> est apparu en premier sur <a href=\"https:\/\/www.tunisienumerique.com\/\">Tunisie<\/a>.<\/p>\n<\/div>\n<p>Auteur: LM<br \/>\n<a href=\"https:\/\/www.tunisienumerique.com\/tunisie-tv5-monde-video-les-vraies-raisons-du-report-du-sommet-de-la-francophonie-a-djerba\/\">Cliquez ici pour lire l&rsquo;article depuis sa source.<\/a><\/p>\n","protected":false},"excerpt":{"rendered":"<p>La chaine de TV fran\u00e7aise, TV5 Monde, a d\u00e9voil\u00e9, dans un document diffus\u00e9 \u00e0 partir de Djerba, les vraies raisons du report du sommet de la francophonie qui devait se tenir eu l\u2019\u00eele, en novembre prochain. La journaliste auteure de cet \u00e9l\u00e9ment a assur\u00e9 que bien que les tunisiens essaient d\u2019expliquer ce report de plusieurs [&hellip;]<\/p>\n","protected":false},"author":1789,"featured_media":0,"comment_status":"closed","ping_status":"closed","sticky":false,"template":"","format":"standard","meta":{"fifu_image_url":"","fifu_image_alt":"","footnotes":""},"categories":[73,55],"tags":[],"class_list":["post-130159","post","type-post","status-publish","format-standard","hentry","category-actualite","category-tunisie"],"_links":{"self":[{"href":"https:\/\/linitiative.ca\/International\/wp-json\/wp\/v2\/posts\/130159","targetHints":{"allow":["GET"]}}],"collection":[{"href":"https:\/\/linitiative.ca\/International\/wp-json\/wp\/v2\/posts"}],"about":[{"href":"https:\/\/linitiative.ca\/International\/wp-json\/wp\/v2\/types\/post"}],"author":[{"embeddable":true,"href":"https:\/\/linitiative.ca\/International\/wp-json\/wp\/v2\/users\/1789"}],"replies":[{"embeddable":true,"href":"https:\/\/linitiative.ca\/International\/wp-json\/wp\/v2\/comments?post=130159"}],"version-history":[{"count":0,"href":"https:\/\/linitiative.ca\/International\/wp-json\/wp\/v2\/posts\/130159\/revisions"}],"wp:attachment":[{"href":"https:\/\/linitiative.ca\/International\/wp-json\/wp\/v2\/media?parent=130159"}],"wp:term":[{"taxonomy":"category","embeddable":true,"href":"https:\/\/linitiative.ca\/International\/wp-json\/wp\/v2\/categories?post=130159"},{"taxonomy":"post_tag","embeddable":true,"href":"https:\/\/linitiative.ca\/International\/wp-json\/wp\/v2\/tags?post=130159"}],"curies":[{"name":"wp","href":"https:\/\/api.w.org\/{rel}","templated":true}]}}