{"id":130161,"date":"2021-10-16T16:54:00","date_gmt":"2021-10-16T20:54:00","guid":{"rendered":"https:\/\/linitiative.ca\/International\/tunisie-les-avocats-de-mehdi-ben-gharbia-denoncent-les-depassements-a-legard-de-leur-client\/"},"modified":"2021-10-16T16:54:00","modified_gmt":"2021-10-16T20:54:00","slug":"tunisie-les-avocats-de-mehdi-ben-gharbia-denoncent-les-depassements-a-legard-de-leur-client","status":"publish","type":"post","link":"https:\/\/linitiative.ca\/International\/tunisie-les-avocats-de-mehdi-ben-gharbia-denoncent-les-depassements-a-legard-de-leur-client\/","title":{"rendered":"Tunisie \u2013 Les avocats de Mehdi Ben Gharbia d\u00e9noncent les d\u00e9passements \u00e0 l\u2019\u00e9gard de leur client"},"content":{"rendered":"<div>\n<p>Le membre du comit\u00e9 de d\u00e9fense du d\u00e9put\u00e9 gel\u00e9 Mahdi Ban Gharbia, Ahed Souab, a annonc\u00e9, ce soir, \u00e0 travers un communiqu\u00e9, eu nom du comit\u00e9 de d\u00e9fense, que les avocats ont d\u00e9cid\u00e9 de se retirer de la caserne de l\u2019Aouina, ce soir \u00e0 20H00, apr\u00e8s avoir attendu leur client pendant plus de deux heures, [\u2026]<\/p>\n<p>L\u2019article <a href=\"https:\/\/www.tunisienumerique.com\/tunisie-les-avocats-de-mehdi-ben-gharbia-denoncent-les-depassements-a-legard-de-leur-client\/\">Tunisie \u2013 Les avocats de Mehdi Ben Gharbia d\u00e9noncent les d\u00e9passements \u00e0 l\u2019\u00e9gard de leur client<\/a> est apparu en premier sur <a href=\"https:\/\/www.tunisienumerique.com\/\">Tunisie<\/a>.<\/p>\n<\/div>\n<p>Auteur: LM<br \/>\n<a href=\"https:\/\/www.tunisienumerique.com\/tunisie-les-avocats-de-mehdi-ben-gharbia-denoncent-les-depassements-a-legard-de-leur-client\/\">Cliquez ici pour lire l&rsquo;article depuis sa source.<\/a><\/p>\n","protected":false},"excerpt":{"rendered":"<p>Le membre du comit\u00e9 de d\u00e9fense du d\u00e9put\u00e9 gel\u00e9 Mahdi Ban Gharbia, Ahed Souab, a annonc\u00e9, ce soir, \u00e0 travers un communiqu\u00e9, eu nom du comit\u00e9 de d\u00e9fense, que les avocats ont d\u00e9cid\u00e9 de se retirer de la caserne de l\u2019Aouina, ce soir \u00e0 20H00, apr\u00e8s avoir attendu leur client pendant plus de deux heures, [&hellip;]<\/p>\n","protected":false},"author":1789,"featured_media":0,"comment_status":"closed","ping_status":"closed","sticky":false,"template":"","format":"standard","meta":{"fifu_image_url":"","fifu_image_alt":"","footnotes":""},"categories":[73,55],"tags":[],"class_list":["post-130161","post","type-post","status-publish","format-standard","hentry","category-actualite","category-tunisie"],"_links":{"self":[{"href":"https:\/\/linitiative.ca\/International\/wp-json\/wp\/v2\/posts\/130161","targetHints":{"allow":["GET"]}}],"collection":[{"href":"https:\/\/linitiative.ca\/International\/wp-json\/wp\/v2\/posts"}],"about":[{"href":"https:\/\/linitiative.ca\/International\/wp-json\/wp\/v2\/types\/post"}],"author":[{"embeddable":true,"href":"https:\/\/linitiative.ca\/International\/wp-json\/wp\/v2\/users\/1789"}],"replies":[{"embeddable":true,"href":"https:\/\/linitiative.ca\/International\/wp-json\/wp\/v2\/comments?post=130161"}],"version-history":[{"count":0,"href":"https:\/\/linitiative.ca\/International\/wp-json\/wp\/v2\/posts\/130161\/revisions"}],"wp:attachment":[{"href":"https:\/\/linitiative.ca\/International\/wp-json\/wp\/v2\/media?parent=130161"}],"wp:term":[{"taxonomy":"category","embeddable":true,"href":"https:\/\/linitiative.ca\/International\/wp-json\/wp\/v2\/categories?post=130161"},{"taxonomy":"post_tag","embeddable":true,"href":"https:\/\/linitiative.ca\/International\/wp-json\/wp\/v2\/tags?post=130161"}],"curies":[{"name":"wp","href":"https:\/\/api.w.org\/{rel}","templated":true}]}}