{"id":130162,"date":"2021-10-16T16:56:18","date_gmt":"2021-10-16T20:56:18","guid":{"rendered":"https:\/\/linitiative.ca\/International\/communique-du-jour-le-ministere-de-lagriculture-annonce-une-recompense-internationale-a-la-tunisie-pour-les-efforts-envers-la-femme-rurale\/"},"modified":"2021-10-16T16:56:18","modified_gmt":"2021-10-16T20:56:18","slug":"communique-du-jour-le-ministere-de-lagriculture-annonce-une-recompense-internationale-a-la-tunisie-pour-les-efforts-envers-la-femme-rurale","status":"publish","type":"post","link":"https:\/\/linitiative.ca\/International\/communique-du-jour-le-ministere-de-lagriculture-annonce-une-recompense-internationale-a-la-tunisie-pour-les-efforts-envers-la-femme-rurale\/","title":{"rendered":"Communiqu\u00e9 du jour : Le minist\u00e8re de l\u2019agriculture annonce une r\u00e9compense internationale \u00e0 la Tunisie pour les efforts envers la femme rurale\u2026"},"content":{"rendered":"<div>\n<p>La Tunisie vient de recevoir le premier prix du Fonds international de d\u00e9veloppement agricole (FIDA) pour l\u2019\u00e9galit\u00e9 des sexes 2021 (Gender Awards 2021), pour la r\u00e9gion Proche-Orient, Afrique du Nord, Europe et Asie centrale, et ce, \u00e0 travers le Projet de d\u00e9veloppement agro-pastoral et des fili\u00e8res associ\u00e9es dans le Gouvernorat de M\u00e9denine (PRODEFIL), vient d\u2019annoncer [\u2026]<\/p>\n<p>L\u2019article <a href=\"https:\/\/www.tunisienumerique.com\/communique-du-jour-le-ministere-de-lagriculture-annonce-une-recompense-internationale-a-la-tunisie-pour-les-efforts-envers-la-femme-rurale\/\">Communiqu\u00e9 du jour : Le minist\u00e8re de l\u2019agriculture annonce une r\u00e9compense internationale \u00e0 la Tunisie pour les efforts envers la femme rurale\u2026<\/a> est apparu en premier sur <a href=\"https:\/\/www.tunisienumerique.com\/\">Tunisie<\/a>.<\/p>\n<\/div>\n<p>Auteur: Mohamed Ben Abderrazek<br \/>\n<a href=\"https:\/\/www.tunisienumerique.com\/communique-du-jour-le-ministere-de-lagriculture-annonce-une-recompense-internationale-a-la-tunisie-pour-les-efforts-envers-la-femme-rurale\/\">Cliquez ici pour lire l&rsquo;article depuis sa source.<\/a><\/p>\n","protected":false},"excerpt":{"rendered":"<p>La Tunisie vient de recevoir le premier prix du Fonds international de d\u00e9veloppement agricole (FIDA) pour l\u2019\u00e9galit\u00e9 des sexes 2021 (Gender Awards 2021), pour la r\u00e9gion Proche-Orient, Afrique du Nord, Europe et Asie centrale, et ce, \u00e0 travers le Projet de d\u00e9veloppement agro-pastoral et des fili\u00e8res associ\u00e9es dans le Gouvernorat de M\u00e9denine (PRODEFIL), vient d\u2019annoncer [&hellip;]<\/p>\n","protected":false},"author":1789,"featured_media":0,"comment_status":"closed","ping_status":"closed","sticky":false,"template":"","format":"standard","meta":{"fifu_image_url":"","fifu_image_alt":"","footnotes":""},"categories":[73,55],"tags":[],"class_list":["post-130162","post","type-post","status-publish","format-standard","hentry","category-actualite","category-tunisie"],"_links":{"self":[{"href":"https:\/\/linitiative.ca\/International\/wp-json\/wp\/v2\/posts\/130162","targetHints":{"allow":["GET"]}}],"collection":[{"href":"https:\/\/linitiative.ca\/International\/wp-json\/wp\/v2\/posts"}],"about":[{"href":"https:\/\/linitiative.ca\/International\/wp-json\/wp\/v2\/types\/post"}],"author":[{"embeddable":true,"href":"https:\/\/linitiative.ca\/International\/wp-json\/wp\/v2\/users\/1789"}],"replies":[{"embeddable":true,"href":"https:\/\/linitiative.ca\/International\/wp-json\/wp\/v2\/comments?post=130162"}],"version-history":[{"count":0,"href":"https:\/\/linitiative.ca\/International\/wp-json\/wp\/v2\/posts\/130162\/revisions"}],"wp:attachment":[{"href":"https:\/\/linitiative.ca\/International\/wp-json\/wp\/v2\/media?parent=130162"}],"wp:term":[{"taxonomy":"category","embeddable":true,"href":"https:\/\/linitiative.ca\/International\/wp-json\/wp\/v2\/categories?post=130162"},{"taxonomy":"post_tag","embeddable":true,"href":"https:\/\/linitiative.ca\/International\/wp-json\/wp\/v2\/tags?post=130162"}],"curies":[{"name":"wp","href":"https:\/\/api.w.org\/{rel}","templated":true}]}}