{"id":130163,"date":"2021-10-16T17:03:20","date_gmt":"2021-10-16T21:03:20","guid":{"rendered":"https:\/\/linitiative.ca\/International\/tunisie-korba-enquete-judiciaire-suite-a-la-decouverte-de-dechets-de-soins-ensevelis-sans-traitement\/"},"modified":"2021-10-16T17:03:20","modified_gmt":"2021-10-16T21:03:20","slug":"tunisie-korba-enquete-judiciaire-suite-a-la-decouverte-de-dechets-de-soins-ensevelis-sans-traitement","status":"publish","type":"post","link":"https:\/\/linitiative.ca\/International\/tunisie-korba-enquete-judiciaire-suite-a-la-decouverte-de-dechets-de-soins-ensevelis-sans-traitement\/","title":{"rendered":"Tunisie \u2013 Korba\u00a0: Enqu\u00eate judiciaire suite \u00e0 la d\u00e9couverte de d\u00e9chets de soins ensevelis sans traitement"},"content":{"rendered":"<div>\n<p>Le gouverneur de Nabeul s\u2019est rendu, ce samedi matin, \u00e0 la montagne Hadded, dans la r\u00e9gion de Korba, o il a pu constater une catastrophe environnementale, avec l\u2019ensevelissement, sans traitement pr\u00e9alable, de d\u00e9chets de soins avec des d\u00e9chets m\u00e9nagers. Apr\u00e8s les constats et les PV\u2019s, une enqu\u00eate a \u00e9t\u00e9 ouverte \u00e0 l\u2019encontre du propri\u00e9taire de [\u2026]<\/p>\n<p>L\u2019article <a href=\"https:\/\/www.tunisienumerique.com\/tunisie-korba-enquete-judiciaire-suite-a-la-decouverte-de-dechets-de-soins-ensevelis-sans-traitement\/\">Tunisie \u2013 Korba\u00a0: Enqu\u00eate judiciaire suite \u00e0 la d\u00e9couverte de d\u00e9chets de soins ensevelis sans traitement<\/a> est apparu en premier sur <a href=\"https:\/\/www.tunisienumerique.com\/\">Tunisie<\/a>.<\/p>\n<\/div>\n<p>Auteur: LM<br \/>\n<a href=\"https:\/\/www.tunisienumerique.com\/tunisie-korba-enquete-judiciaire-suite-a-la-decouverte-de-dechets-de-soins-ensevelis-sans-traitement\/\">Cliquez ici pour lire l&rsquo;article depuis sa source.<\/a><\/p>\n","protected":false},"excerpt":{"rendered":"<p>Le gouverneur de Nabeul s\u2019est rendu, ce samedi matin, \u00e0 la montagne Hadded, dans la r\u00e9gion de Korba, o il a pu constater une catastrophe environnementale, avec l\u2019ensevelissement, sans traitement pr\u00e9alable, de d\u00e9chets de soins avec des d\u00e9chets m\u00e9nagers. Apr\u00e8s les constats et les PV\u2019s, une enqu\u00eate a \u00e9t\u00e9 ouverte \u00e0 l\u2019encontre du propri\u00e9taire de [&hellip;]<\/p>\n","protected":false},"author":1789,"featured_media":0,"comment_status":"closed","ping_status":"closed","sticky":false,"template":"","format":"standard","meta":{"fifu_image_url":"","fifu_image_alt":"","footnotes":""},"categories":[73,55],"tags":[],"class_list":["post-130163","post","type-post","status-publish","format-standard","hentry","category-actualite","category-tunisie"],"_links":{"self":[{"href":"https:\/\/linitiative.ca\/International\/wp-json\/wp\/v2\/posts\/130163","targetHints":{"allow":["GET"]}}],"collection":[{"href":"https:\/\/linitiative.ca\/International\/wp-json\/wp\/v2\/posts"}],"about":[{"href":"https:\/\/linitiative.ca\/International\/wp-json\/wp\/v2\/types\/post"}],"author":[{"embeddable":true,"href":"https:\/\/linitiative.ca\/International\/wp-json\/wp\/v2\/users\/1789"}],"replies":[{"embeddable":true,"href":"https:\/\/linitiative.ca\/International\/wp-json\/wp\/v2\/comments?post=130163"}],"version-history":[{"count":0,"href":"https:\/\/linitiative.ca\/International\/wp-json\/wp\/v2\/posts\/130163\/revisions"}],"wp:attachment":[{"href":"https:\/\/linitiative.ca\/International\/wp-json\/wp\/v2\/media?parent=130163"}],"wp:term":[{"taxonomy":"category","embeddable":true,"href":"https:\/\/linitiative.ca\/International\/wp-json\/wp\/v2\/categories?post=130163"},{"taxonomy":"post_tag","embeddable":true,"href":"https:\/\/linitiative.ca\/International\/wp-json\/wp\/v2\/tags?post=130163"}],"curies":[{"name":"wp","href":"https:\/\/api.w.org\/{rel}","templated":true}]}}