{"id":130164,"date":"2021-10-16T15:14:25","date_gmt":"2021-10-16T19:14:25","guid":{"rendered":"https:\/\/linitiative.ca\/International\/burkina-top-cest-parti-pour-la-27e-edition-du-fespaco\/"},"modified":"2021-10-16T15:14:25","modified_gmt":"2021-10-16T19:14:25","slug":"burkina-top-cest-parti-pour-la-27e-edition-du-fespaco","status":"publish","type":"post","link":"https:\/\/linitiative.ca\/International\/burkina-top-cest-parti-pour-la-27e-edition-du-fespaco\/","title":{"rendered":"Burkina\u00a0: top c\u2019est parti pour la 27e \u00e9dition du FESPACO"},"content":{"rendered":"<div>\n<p>Le pr\u00e9sident du Faso, Roch Kabor\u00e9, a donn\u00e9 le clap de la 27e \u00e9dition du FESPACO ce samedi 16 octobre \u00a02021 au palais des sports de Ouaga 2000. La pr\u00e9sente \u00e9dition se tiendra du 16 au 23 octobre 2021. 239 films seront en comp\u00e9tition dans 4 grandes cat\u00e9gories que sont : (Fiction long m\u00e9trage), (Long m\u00e9trage documentaire), (Court m\u00e9trage, Fiction\/Documentaire) et une nouvelle cat\u00e9gorie nomm\u00e9e (Burkina).\u00a0 Le pays invit\u00e9 d\u2019honneur est le S\u00e9n\u00e9gal. Apr\u00e8s le clap, Roch Marc Christian Kabor\u00e9, pr\u00e9sident du Faso a dit ceci\u00a0: \u00ab\u00a0Je voudrais saluer la tenue de cette \u00e9dition du FESPACO qui marque la r\u00e9silience du peuple burkinab\u00e8 face \u00e0 la crise s\u00e9curitaire et sanitaire qui secouent le pays \u00bb.<\/p>\n<p>\u00a0<\/p>\n<p>B.S<\/p>\n<p>L\u2019article <a rel=\"nofollow\" href=\"https:\/\/www.sidwaya.info\/blog\/2021\/10\/16\/burkina-top-cest-parti-pour-la-27e-edition-du-fespaco\/\">Burkina\u00a0: top c\u2019est parti pour la 27e \u00e9dition du FESPACO<\/a> est apparu en premier sur <a rel=\"nofollow\" href=\"https:\/\/www.sidwaya.info\/\">Quotidien Sidwaya<\/a>.<\/p>\n<\/div>\n<p>Auteur: BS. Sidwaya<br \/>\n<a href=\"https:\/\/www.sidwaya.info\/blog\/2021\/10\/16\/burkina-top-cest-parti-pour-la-27e-edition-du-fespaco\/\">Cliquez ici pour lire l&rsquo;article depuis sa source.<\/a><\/p>\n","protected":false},"excerpt":{"rendered":"<p>Le pr\u00e9sident du Faso, Roch Kabor\u00e9, a donn\u00e9 le clap de la 27e \u00e9dition du FESPACO ce samedi 16 octobre \u00a02021 au palais des sports de Ouaga 2000. La pr\u00e9sente \u00e9dition se tiendra du 16 au 23 octobre 2021. 239 films seront en comp\u00e9tition dans 4 grandes cat\u00e9gories que sont : (Fiction long m\u00e9trage), (Long [&hellip;]<\/p>\n","protected":false},"author":1816,"featured_media":0,"comment_status":"closed","ping_status":"closed","sticky":false,"template":"","format":"standard","meta":{"fifu_image_url":"","fifu_image_alt":"","footnotes":""},"categories":[73,81],"tags":[],"class_list":["post-130164","post","type-post","status-publish","format-standard","hentry","category-actualite","category-burkina-faso"],"_links":{"self":[{"href":"https:\/\/linitiative.ca\/International\/wp-json\/wp\/v2\/posts\/130164","targetHints":{"allow":["GET"]}}],"collection":[{"href":"https:\/\/linitiative.ca\/International\/wp-json\/wp\/v2\/posts"}],"about":[{"href":"https:\/\/linitiative.ca\/International\/wp-json\/wp\/v2\/types\/post"}],"author":[{"embeddable":true,"href":"https:\/\/linitiative.ca\/International\/wp-json\/wp\/v2\/users\/1816"}],"replies":[{"embeddable":true,"href":"https:\/\/linitiative.ca\/International\/wp-json\/wp\/v2\/comments?post=130164"}],"version-history":[{"count":0,"href":"https:\/\/linitiative.ca\/International\/wp-json\/wp\/v2\/posts\/130164\/revisions"}],"wp:attachment":[{"href":"https:\/\/linitiative.ca\/International\/wp-json\/wp\/v2\/media?parent=130164"}],"wp:term":[{"taxonomy":"category","embeddable":true,"href":"https:\/\/linitiative.ca\/International\/wp-json\/wp\/v2\/categories?post=130164"},{"taxonomy":"post_tag","embeddable":true,"href":"https:\/\/linitiative.ca\/International\/wp-json\/wp\/v2\/tags?post=130164"}],"curies":[{"name":"wp","href":"https:\/\/api.w.org\/{rel}","templated":true}]}}