{"id":130165,"date":"2021-10-16T11:33:17","date_gmt":"2021-10-16T15:33:17","guid":{"rendered":"https:\/\/linitiative.ca\/International\/cameroun-le-tribunal-administratif-rehabilite-le-pr-messanga-nyamding-dans-ses-fonctions-a-liric\/"},"modified":"2021-10-16T11:33:17","modified_gmt":"2021-10-16T15:33:17","slug":"cameroun-le-tribunal-administratif-rehabilite-le-pr-messanga-nyamding-dans-ses-fonctions-a-liric","status":"publish","type":"post","link":"https:\/\/linitiative.ca\/International\/cameroun-le-tribunal-administratif-rehabilite-le-pr-messanga-nyamding-dans-ses-fonctions-a-liric\/","title":{"rendered":"Cameroun : le Tribunal administratif r\u00e9habilite le Pr Messanga Nyamding dans ses fonctions \u00e0 l\u2019IRIC"},"content":{"rendered":"<div>\n<p><img loading=\"lazy\" decoding=\"async\" width=\"780\" height=\"440\" src=\"https:\/\/linitiative.ca\/International\/wp-content\/uploads\/sites\/23\/2021\/10\/mesanga-nyamding-sort-silence-journal-cameroun.jpg\" class=\"attachment-post-thumbnail size-post-thumbnail wp-post-image\" alt=\"\" srcset=\"https:\/\/linitiative.ca\/International\/wp-content\/uploads\/sites\/23\/2021\/10\/mesanga-nyamding-sort-silence-journal-cameroun.jpg 780w, https:\/\/www.journalducameroun.com\/wp-content\/uploads\/2019\/01\/mesanga-nyamding-sort-silence-journal-cameroun-300x169.jpg 300w, https:\/\/www.journalducameroun.com\/wp-content\/uploads\/2019\/01\/mesanga-nyamding-sort-silence-journal-cameroun-768x433.jpg 768w, https:\/\/www.journalducameroun.com\/wp-content\/uploads\/2019\/01\/mesanga-nyamding-sort-silence-journal-cameroun-380x215.jpg 380w, https:\/\/www.journalducameroun.com\/wp-content\/uploads\/2019\/01\/mesanga-nyamding-sort-silence-journal-cameroun-160x90.jpg 160w, https:\/\/www.journalducameroun.com\/wp-content\/uploads\/2019\/01\/mesanga-nyamding-sort-silence-journal-cameroun-240x135.jpg 240w, https:\/\/www.journalducameroun.com\/wp-content\/uploads\/2019\/01\/mesanga-nyamding-sort-silence-journal-cameroun-600x338.jpg 600w\" sizes=\"auto, (max-width: 780px) 100vw, 780px\"><\/p>\n<h5 style=\"text-align: justify;\">Le 22 mars 2021, il avait \u00e9t\u00e9 mis \u00e0 la disposition de l&rsquo;annexe de la facult\u00e9 des sciences juridiques et politiques de l&rsquo;Universit\u00e9 de Ngaound\u00e9r\u00e9, annexe Garoua.<\/h5>\n<p style=\"text-align: justify;\">\n<p style=\"text-align: justify;\">\n<p style=\"text-align: justify;\">\n<p style=\"text-align: justify;\">\n<p style=\"text-align: justify;\">Dans une ordonnance rendue le 15 octobre 2021, le Tribunal administratif juge recevable la plainte du professeur Pascal Charlemagne Messanga Nyamding et suspend les effets de la d\u00e9cision qui l&rsquo;affecte \u00e0 Ngaound\u00e9r\u00e9.<\/p>\n<p style=\"text-align: justify;\">Cette d\u00e9cision d&rsquo;affectation \u00e0 l&rsquo;annexe de la facult\u00e9 des sciences juridiques et politiques de l&rsquo;Universit\u00e9 de Ngaound\u00e9r\u00e9, annexe Garoua,\u00a0 \u00e9tait parue aux yeux du professeur Nyamding comme un r\u00e8glement de compte politique du ministre de l&rsquo;Enseignement sup\u00e9rieur, le Pr Jacques Fame Ndongo.<\/p>\n<p style=\"text-align: justify;\">Approch\u00e9 par le confr\u00e8re Ernest Obama,\u00a0celui qui occupait avant son affectation, le poste de chef de d\u00e9partement de l\u2019Int\u00e9gration et de la Coop\u00e9ration, n\u2019a pas cach\u00e9 sa joie.\u00a0<strong>\u00ab\u00a0<\/strong><em>J\u2019ai toujours dis que le Cameroun de Paul Biya est un Etat de droit\u2026. Je suis en conf\u00e9rence actuellement \u00e0 l\u2019Universit\u00e9 de Ngaound\u00e9r\u00e9, je voudrais prendre tout le temps pour voir ce qui se passe. Mais en r\u00e9alit\u00e9 c\u2019est la victoire de la justice \u00bb<\/em>\u00a0, s&rsquo;est-il r\u00e9joui.<\/p>\n<p style=\"text-align: justify;\">\u00ab\u00a0<em>J\u2019ai \u00e9norm\u00e9ment souffert. Je voudrais saisir cette opportunit\u00e9 pour rassurer ceux qui ont cru qu\u2019il fallait me d\u00e9truire que, sans rancune, je ne ferais ni chasse aux sorci\u00e8res, ni r\u00e8glement de compte. Je continue \u00e0 croire qu\u2019avec l\u2019Etat de droit, on va avancer<\/em>\u00ab\u00a0, a poursuivi le professeur en contrat avec l&rsquo;Iric depuis 2001.<\/p>\n<div class=\"row\" style=\"text-align: justify;\">\n<div class=\"col-lg-12 amp-wp-5ab609a\" data-amp-original-style=\"height: auto !important;\">Mais il faut dire que la d\u00e9cision du Tribunal administratif au sujet de cette affection \u00e0 Ngaound\u00e9r\u00e9, ne repose que sur la forme. A pr\u00e9sent que la plainte du requ\u00e9rant est jug\u00e9e recevable avec\u00a0 suspension des effets de la d\u00e9cision du ministre Fame\u00a0 Ndongo, le tribunal devrait maintenant la juger dans le fond.<\/div>\n<\/div>\n<p style=\"text-align: justify;\">\n<p>Cet article <a rel=\"nofollow\" href=\"https:\/\/www.journalducameroun.com\/cameroun-le-tribunal-administratif-rehabilite-le-pr-messanga-nyamding-dans-ses-fonctions-a-liric\/\">Cameroun : le Tribunal administratif r\u00e9habilite le Pr Messanga Nyamding dans ses fonctions \u00e0 l\u2019IRIC<\/a> est apparu en premier sur <a rel=\"nofollow\" href=\"https:\/\/www.journalducameroun.com\/\">Journal du Cameroun<\/a>.<\/p>\n<\/div>\n<p>Auteur: Christian DJIMADEU<br \/>\n<a href=\"https:\/\/www.journalducameroun.com\/cameroun-le-tribunal-administratif-rehabilite-le-pr-messanga-nyamding-dans-ses-fonctions-a-liric\/\">Cliquez ici pour lire l&rsquo;article depuis sa source.<\/a><\/p>\n","protected":false},"excerpt":{"rendered":"<p>Le 22 mars 2021, il avait \u00e9t\u00e9 mis \u00e0 la disposition de l&rsquo;annexe de la facult\u00e9 des sciences juridiques et politiques de l&rsquo;Universit\u00e9 de Ngaound\u00e9r\u00e9, annexe Garoua. Dans une ordonnance rendue le 15 octobre 2021, le Tribunal administratif juge recevable la plainte du professeur Pascal Charlemagne Messanga Nyamding et suspend les effets de la d\u00e9cision [&hellip;]<\/p>\n","protected":false},"author":1965,"featured_media":0,"comment_status":"closed","ping_status":"closed","sticky":false,"template":"","format":"standard","meta":{"fifu_image_url":"https:\/\/www.journalducameroun.com\/wp-content\/uploads\/2019\/01\/mesanga-nyamding-sort-silence-journal-cameroun.jpg","fifu_image_alt":"Cameroun : le Tribunal administratif r\u00e9habilite le Pr Messanga Nyamding dans ses fonctions \u00e0 l\u2019IRIC","footnotes":""},"categories":[73,82],"tags":[],"class_list":["post-130165","post","type-post","status-publish","format-standard","hentry","category-actualite","category-cameroun"],"_links":{"self":[{"href":"https:\/\/linitiative.ca\/International\/wp-json\/wp\/v2\/posts\/130165","targetHints":{"allow":["GET"]}}],"collection":[{"href":"https:\/\/linitiative.ca\/International\/wp-json\/wp\/v2\/posts"}],"about":[{"href":"https:\/\/linitiative.ca\/International\/wp-json\/wp\/v2\/types\/post"}],"author":[{"embeddable":true,"href":"https:\/\/linitiative.ca\/International\/wp-json\/wp\/v2\/users\/1965"}],"replies":[{"embeddable":true,"href":"https:\/\/linitiative.ca\/International\/wp-json\/wp\/v2\/comments?post=130165"}],"version-history":[{"count":0,"href":"https:\/\/linitiative.ca\/International\/wp-json\/wp\/v2\/posts\/130165\/revisions"}],"wp:attachment":[{"href":"https:\/\/linitiative.ca\/International\/wp-json\/wp\/v2\/media?parent=130165"}],"wp:term":[{"taxonomy":"category","embeddable":true,"href":"https:\/\/linitiative.ca\/International\/wp-json\/wp\/v2\/categories?post=130165"},{"taxonomy":"post_tag","embeddable":true,"href":"https:\/\/linitiative.ca\/International\/wp-json\/wp\/v2\/tags?post=130165"}],"curies":[{"name":"wp","href":"https:\/\/api.w.org\/{rel}","templated":true}]}}