{"id":130169,"date":"2021-10-16T12:40:51","date_gmt":"2021-10-16T16:40:51","guid":{"rendered":"https:\/\/linitiative.ca\/International\/cameroun-premiere-declaration-publique-du-nouveau-roi-des-bamoun\/"},"modified":"2021-10-16T12:40:51","modified_gmt":"2021-10-16T16:40:51","slug":"cameroun-premiere-declaration-publique-du-nouveau-roi-des-bamoun","status":"publish","type":"post","link":"https:\/\/linitiative.ca\/International\/cameroun-premiere-declaration-publique-du-nouveau-roi-des-bamoun\/","title":{"rendered":"Cameroun : premi\u00e8re d\u00e9claration publique du nouveau roi des Bamoun"},"content":{"rendered":"<div>\n<p><img loading=\"lazy\" decoding=\"async\" width=\"778\" height=\"1024\" src=\"https:\/\/linitiative.ca\/International\/wp-content\/uploads\/sites\/23\/2021\/10\/IMG-20211010-WA0026.jpg\" class=\"attachment-post-thumbnail size-post-thumbnail wp-post-image\" alt=\"\" srcset=\"https:\/\/linitiative.ca\/International\/wp-content\/uploads\/sites\/23\/2021\/10\/IMG-20211010-WA0026.jpg 778w, https:\/\/www.journalducameroun.com\/wp-content\/uploads\/2021\/10\/IMG-20211010-WA0026-228x300.jpg 228w, https:\/\/www.journalducameroun.com\/wp-content\/uploads\/2021\/10\/IMG-20211010-WA0026-768x1011.jpg 768w, https:\/\/www.journalducameroun.com\/wp-content\/uploads\/2021\/10\/IMG-20211010-WA0026-334x440.jpg 334w, https:\/\/www.journalducameroun.com\/wp-content\/uploads\/2021\/10\/IMG-20211010-WA0026-600x790.jpg 600w\" sizes=\"auto, (max-width: 778px) 100vw, 778px\"><\/p>\n<h5>Intronis\u00e9 le 10 octobre 2021, le sultan s&rsquo;est rendu au grand march\u00e9 de Foumban comme l&rsquo;exige la tradition. Il a fait une d\u00e9claration juste apr\u00e8s.<\/h5>\n<h5>Voici l&rsquo;extrait du discours de S.M le sultan roi des Bamoun, Nfonrifum Mbombo Njoya Nabil,\u00a0 ce 16 octobre 2021 \u00e0 la cour d&rsquo;apparat du Palais.<\/h5>\n<p>\u00a0<\/p>\n<p>\u00a0<\/p>\n<p>\u00a0<\/p>\n<p style=\"text-align: center;\"><em>Je suis le papa de tous les bamoun. Ma plus grande richesse en ce moment, c&rsquo;est le peuple Bamoun.<\/em><\/p>\n<p style=\"text-align: center;\"><em>Au del\u00e0 du pi\u00e9destal sur le quel je suis, mon souhait est celui de nous unir pour b\u00e2tir notre royaume. Un Roi n&rsquo;est<\/em><br \/>\n<em>invincible qu&rsquo;avec ses guerriers, peuple bamoun, mon<\/em><br \/>\n<em>peuple, vous \u00eates mes guerriers.<\/em><\/p>\n<p style=\"text-align: center;\"><em>Les oreilles d&rsquo;un Roi ce sont les herbes. \u00ab Nja peun, nja pah me njah\u00bb. Je compte beaucoup sur vous, pour que nous continuons \u00a0notre royaumne.<\/em><\/p>\n<p style=\"text-align: center;\"><em>La porte du palais est ouverte \u00e0 tous les bamoun sans<\/em><br \/>\n<em>exception.\u00a0<\/em><\/p>\n<p style=\"text-align: center;\"><em>Ma pri\u00e8re est que Dieu continue de resserrer nos liens, afin que nous soyons UN et INDIVISIBLES et que tous les<\/em><br \/>\n<em>bamoun de la terre aillent de l&rsquo;avant.<\/em><\/p>\n<p style=\"text-align: center;\"><em>Pour terminer, je demande \u00e0 Dieu de faire r\u00e9gner la paix en pays Bamoun. Qu\u00a0\u00bbil fasse aussi r\u00e9gner la paix dans tout le Cameroun, qu&rsquo;il prot\u00e8ge les Bamoun et le Cameroun.<\/em><\/p>\n<p style=\"text-align: center;\"><em>Puisse le Bon Dieu accorder succ\u00e8s \u00e0 tous les Fils et Filles Bamoun<\/em><\/p>\n<p><strong>S.M Nabil MFONRIFUM MBOMBO NJOYA Sultan Roi des Bamoun<\/strong><\/p>\n<p>Cet article <a rel=\"nofollow\" href=\"https:\/\/www.journalducameroun.com\/cameroun-premiere-declaration-publique-du-nouveau-roi-des-bamoun\/\">Cameroun : premi\u00e8re d\u00e9claration publique du nouveau roi des Bamoun<\/a> est apparu en premier sur <a rel=\"nofollow\" href=\"https:\/\/www.journalducameroun.com\/\">Journal du Cameroun<\/a>.<\/p>\n<\/div>\n<p>Auteur: Christian DJIMADEU<br \/>\n<a href=\"https:\/\/www.journalducameroun.com\/cameroun-premiere-declaration-publique-du-nouveau-roi-des-bamoun\/\">Cliquez ici pour lire l&rsquo;article depuis sa source.<\/a><\/p>\n","protected":false},"excerpt":{"rendered":"<p>Intronis\u00e9 le 10 octobre 2021, le sultan s&rsquo;est rendu au grand march\u00e9 de Foumban comme l&rsquo;exige la tradition. Il a fait une d\u00e9claration juste apr\u00e8s. Voici l&rsquo;extrait du discours de S.M le sultan roi des Bamoun, Nfonrifum Mbombo Njoya Nabil,\u00a0 ce 16 octobre 2021 \u00e0 la cour d&rsquo;apparat du Palais. \u00a0 \u00a0 \u00a0 Je suis [&hellip;]<\/p>\n","protected":false},"author":1965,"featured_media":0,"comment_status":"closed","ping_status":"closed","sticky":false,"template":"","format":"standard","meta":{"fifu_image_url":"https:\/\/www.journalducameroun.com\/wp-content\/uploads\/2021\/10\/IMG-20211010-WA0026.jpg","fifu_image_alt":"Cameroun : premi\u00e8re d\u00e9claration publique du nouveau roi des Bamoun","footnotes":""},"categories":[73,82],"tags":[],"class_list":["post-130169","post","type-post","status-publish","format-standard","hentry","category-actualite","category-cameroun"],"_links":{"self":[{"href":"https:\/\/linitiative.ca\/International\/wp-json\/wp\/v2\/posts\/130169","targetHints":{"allow":["GET"]}}],"collection":[{"href":"https:\/\/linitiative.ca\/International\/wp-json\/wp\/v2\/posts"}],"about":[{"href":"https:\/\/linitiative.ca\/International\/wp-json\/wp\/v2\/types\/post"}],"author":[{"embeddable":true,"href":"https:\/\/linitiative.ca\/International\/wp-json\/wp\/v2\/users\/1965"}],"replies":[{"embeddable":true,"href":"https:\/\/linitiative.ca\/International\/wp-json\/wp\/v2\/comments?post=130169"}],"version-history":[{"count":0,"href":"https:\/\/linitiative.ca\/International\/wp-json\/wp\/v2\/posts\/130169\/revisions"}],"wp:attachment":[{"href":"https:\/\/linitiative.ca\/International\/wp-json\/wp\/v2\/media?parent=130169"}],"wp:term":[{"taxonomy":"category","embeddable":true,"href":"https:\/\/linitiative.ca\/International\/wp-json\/wp\/v2\/categories?post=130169"},{"taxonomy":"post_tag","embeddable":true,"href":"https:\/\/linitiative.ca\/International\/wp-json\/wp\/v2\/tags?post=130169"}],"curies":[{"name":"wp","href":"https:\/\/api.w.org\/{rel}","templated":true}]}}