{"id":130171,"date":"2021-10-16T14:18:01","date_gmt":"2021-10-16T18:18:01","guid":{"rendered":"https:\/\/linitiative.ca\/International\/ouattara-et-le-rhdp-disposes-a-renforcer-les-liens-avec-le-nouveau-parti-de-gbagbo\/"},"modified":"2021-10-16T14:18:01","modified_gmt":"2021-10-16T18:18:01","slug":"ouattara-et-le-rhdp-disposes-a-renforcer-les-liens-avec-le-nouveau-parti-de-gbagbo","status":"publish","type":"post","link":"https:\/\/linitiative.ca\/International\/ouattara-et-le-rhdp-disposes-a-renforcer-les-liens-avec-le-nouveau-parti-de-gbagbo\/","title":{"rendered":"Ouattara et le Rhdp \u00ab\u00a0dispos\u00e9s \u00e0 renforcer les liens\u00a0\u00bb avec le nouveau parti de Gbagbo"},"content":{"rendered":"<div>\n<p><img loading=\"lazy\" decoding=\"async\" width=\"664\" height=\"443\" src=\"https:\/\/linitiative.ca\/International\/wp-content\/uploads\/sites\/23\/2021\/10\/16344082815462.jpg\" class=\"attachment-post-thumbnail size-post-thumbnail wp-post-image\" alt=\"\" srcset=\"https:\/\/linitiative.ca\/International\/wp-content\/uploads\/sites\/23\/2021\/10\/16344082815462.jpg 664w, https:\/\/www.journalducameroun.com\/wp-content\/uploads\/2021\/10\/16344082815462-300x200.jpg 300w, https:\/\/www.journalducameroun.com\/wp-content\/uploads\/2021\/10\/16344082815462-660x440.jpg 660w, https:\/\/www.journalducameroun.com\/wp-content\/uploads\/2021\/10\/16344082815462-600x400.jpg 600w\" sizes=\"auto, (max-width: 664px) 100vw, 664px\"><\/p>\n<p>Le pr\u00e9sident Alassane Ouattara et le Rhdp (pouvoir) sont \u00ab\u00a0dispos\u00e9s \u00e0 renforcer les liens\u00a0\u00bb avec le nouveau parti de Gbagbo, a d\u00e9clar\u00e9 samedi Adama Bictogo, qui repr\u00e9sentait M. Ouattara, lors du Congr\u00e8s constitutif de ce parti.<\/p>\n<p>\u00ab\u00a0Tout naturellement, le pr\u00e9sident Alassane Ouattara et le Rhdp sont dispos\u00e9s non seulement \u00e0 renforcer les liens entretenus entre nos deux pr\u00e9sidents, mais surtout \u00e0 renforcer les liens du parti naissant et le Rhdp\u00a0\u00bb, a dit M. Adama Bictogo.<\/p>\n<p>\u00ab\u00a0Au-del\u00e0 des fortes incompr\u00e9hensions, au-del\u00e0 de ce que notre pays a v\u00e9cu, de ce que chacun de nous a v\u00e9cu, autant que nous sommes, faisons de la paix, le renforcement de la coh\u00e9sion sociale en C\u00f4te d&rsquo;Ivoire\u00a0\u00bb, a-t-il lanc\u00e9.<\/p>\n<p>M. Bictogo a indiqu\u00e9 que M. Ouattara, \u00ab\u00a0dans sa volont\u00e9 affich\u00e9e de raffermir ses liens avec son fr\u00e8re Laurent Gbagbo, et de renforcer la coh\u00e9sion sociale\u00a0\u00bb, lui a demand\u00e9 de conduire une d\u00e9l\u00e9gation de six d\u00e9put\u00e9s pour venir apporter son \u00ab\u00a0soutien\u00a0\u00bb \u00e0 la cr\u00e9ation de ce nouveau parti.<\/p>\n<p>\u00ab\u00a0Chers congressistes, nos deux pr\u00e9sidents ont besoin de nous, je pourrais vous dire dans cette tribune que le Rhdp ne fera pas l&rsquo;\u00e9conomie de sa relation avec le nouveau parti\u00a0\u00bb, a ajout\u00e9 M. Adama Bictogo.\u00a0<\/p>\n<p>L&rsquo;ex-pr\u00e9sident ivoirien, Laurent Gbagbo, acquitt\u00e9 par la Cour p\u00e9nale internationale (CPI) le 31 mars 2021, dans le cadre des violences post\u00e9lectorales ivoiriennes de 2010-2011, est rentr\u00e9 en C\u00f4te d&rsquo;Ivoire le 17 juin dernier.<\/p>\n<p>\u00ab\u00a0Ensemble, la C\u00f4te d&rsquo;Ivoire retrouv\u00e9e, doit s&rsquo;engager r\u00e9solument dans la paix, la stabilit\u00e9 sur la base d&rsquo;un socle, (&#8230;) en chacun de nous pour que l&rsquo;amour prenne le dessus\u00a0\u00bb, a -t-il \u00a0poursuivi, disant au nom de Ouattara \u00ab\u00a0merci\u00a0\u00bb pour cette invitation.\u00a0<\/p>\n<p>\u00ab\u00a0Dans toute cette diversit\u00e9, que ce soit les militants du Rhdp, ou ceux du nouveau parti, nous vous regardons, nous vous regardons M. le pr\u00e9sident, nous regardons le pr\u00e9sident Alassane Ouattara, \u00a0que Dieu fasse que vos bonnes relations, \u00a0entre vous deux, puissent jaillir sur l&rsquo;ensemble de la C\u00f4te d&rsquo;Ivoire\u00a0\u00bb, a-t-il conclu.<\/p>\n<p>Plusieurs partis locaux et \u00e9trangers ont traduit \u00e9galement leur soutien au nouveau parti de Gbagbo. Le Parti d\u00e9mocratique de C\u00f4te d&rsquo;Ivoire (Pdci, opposition) \u00e9tait repr\u00e9sent\u00e9 par une d\u00e9l\u00e9gation conduite par Georges Ezaley, vice-pr\u00e9sident du Pdci.\u00a0<\/p>\n<p>Au nom du pr\u00e9sident du Pdci, M. Georges Ezaley a salu\u00e9 le \u00ab\u00a0courage politique\u00a0\u00bb de M. Gbagbo et la cr\u00e9ation de ce parti avec des valeurs panafricaines, souhaitant une \u00ab\u00a0longue vie au nouveau parti de Gbagbo\u00a0\u00bb.\u00a0<\/p>\n<p>Cet article <a rel=\"nofollow\" href=\"https:\/\/www.journalducameroun.com\/ouattara-et-le-rhdp-disposes-a-renforcer-les-liens-avec-le-nouveau-parti-de-gbagbo\/\">Ouattara et le Rhdp \u00ab\u00a0dispos\u00e9s \u00e0 renforcer les liens\u00a0\u00bb avec le nouveau parti de Gbagbo<\/a> est apparu en premier sur <a rel=\"nofollow\" href=\"https:\/\/www.journalducameroun.com\/\">Journal du Cameroun<\/a>.<\/p>\n<\/div>\n<p>Auteur: APA News<br \/>\n<a href=\"https:\/\/www.journalducameroun.com\/ouattara-et-le-rhdp-disposes-a-renforcer-les-liens-avec-le-nouveau-parti-de-gbagbo\/\">Cliquez ici pour lire l&rsquo;article depuis sa source.<\/a><\/p>\n","protected":false},"excerpt":{"rendered":"<p>Le pr\u00e9sident Alassane Ouattara et le Rhdp (pouvoir) sont \u00ab\u00a0dispos\u00e9s \u00e0 renforcer les liens\u00a0\u00bb avec le nouveau parti de Gbagbo, a d\u00e9clar\u00e9 samedi Adama Bictogo, qui repr\u00e9sentait M. Ouattara, lors du Congr\u00e8s constitutif de ce parti. \u00ab\u00a0Tout naturellement, le pr\u00e9sident Alassane Ouattara et le Rhdp sont dispos\u00e9s non seulement \u00e0 renforcer les liens entretenus entre [&hellip;]<\/p>\n","protected":false},"author":1965,"featured_media":0,"comment_status":"closed","ping_status":"closed","sticky":false,"template":"","format":"standard","meta":{"fifu_image_url":"https:\/\/www.journalducameroun.com\/wp-content\/uploads\/2021\/10\/16344082815462.jpg","fifu_image_alt":"Ouattara et le Rhdp \u00ab\u00a0dispos\u00e9s \u00e0 renforcer les liens\u00a0\u00bb avec le nouveau parti de Gbagbo","footnotes":""},"categories":[73,82],"tags":[],"class_list":["post-130171","post","type-post","status-publish","format-standard","hentry","category-actualite","category-cameroun"],"_links":{"self":[{"href":"https:\/\/linitiative.ca\/International\/wp-json\/wp\/v2\/posts\/130171","targetHints":{"allow":["GET"]}}],"collection":[{"href":"https:\/\/linitiative.ca\/International\/wp-json\/wp\/v2\/posts"}],"about":[{"href":"https:\/\/linitiative.ca\/International\/wp-json\/wp\/v2\/types\/post"}],"author":[{"embeddable":true,"href":"https:\/\/linitiative.ca\/International\/wp-json\/wp\/v2\/users\/1965"}],"replies":[{"embeddable":true,"href":"https:\/\/linitiative.ca\/International\/wp-json\/wp\/v2\/comments?post=130171"}],"version-history":[{"count":0,"href":"https:\/\/linitiative.ca\/International\/wp-json\/wp\/v2\/posts\/130171\/revisions"}],"wp:attachment":[{"href":"https:\/\/linitiative.ca\/International\/wp-json\/wp\/v2\/media?parent=130171"}],"wp:term":[{"taxonomy":"category","embeddable":true,"href":"https:\/\/linitiative.ca\/International\/wp-json\/wp\/v2\/categories?post=130171"},{"taxonomy":"post_tag","embeddable":true,"href":"https:\/\/linitiative.ca\/International\/wp-json\/wp\/v2\/tags?post=130171"}],"curies":[{"name":"wp","href":"https:\/\/api.w.org\/{rel}","templated":true}]}}