{"id":130173,"date":"2021-10-16T17:18:02","date_gmt":"2021-10-16T21:18:02","guid":{"rendered":"https:\/\/linitiative.ca\/International\/ouverture-a-abidjan-du-congres-constitutif-du-nouveau-parti-de-gbagbo\/"},"modified":"2021-10-16T17:18:02","modified_gmt":"2021-10-16T21:18:02","slug":"ouverture-a-abidjan-du-congres-constitutif-du-nouveau-parti-de-gbagbo","status":"publish","type":"post","link":"https:\/\/linitiative.ca\/International\/ouverture-a-abidjan-du-congres-constitutif-du-nouveau-parti-de-gbagbo\/","title":{"rendered":"Ouverture \u00e0 Abidjan du Congr\u00e8s constitutif du nouveau parti de Gbagbo"},"content":{"rendered":"<div>\n<p><img loading=\"lazy\" decoding=\"async\" width=\"768\" height=\"512\" src=\"https:\/\/linitiative.ca\/International\/wp-content\/uploads\/sites\/23\/2021\/10\/16344190823870.jpg\" class=\"attachment-post-thumbnail size-post-thumbnail wp-post-image\" alt=\"\" srcset=\"https:\/\/linitiative.ca\/International\/wp-content\/uploads\/sites\/23\/2021\/10\/16344190823870.jpg 768w, https:\/\/www.journalducameroun.com\/wp-content\/uploads\/2021\/10\/16344190823870-300x200.jpg 300w, https:\/\/www.journalducameroun.com\/wp-content\/uploads\/2021\/10\/16344190823870-660x440.jpg 660w, https:\/\/www.journalducameroun.com\/wp-content\/uploads\/2021\/10\/16344190823870-600x400.jpg 600w\" sizes=\"auto, (max-width: 768px) 100vw, 768px\"><\/p>\n<p>Le Congr\u00e8s constitutif du nouveau parti de l&rsquo;ex-pr\u00e9sident ivoirien Laurent Gbagbo s&rsquo;est ouvert, samedi, \u00e0 Abidjan en pr\u00e9sence de milliers de partisans et du repr\u00e9sentant de Alassane Ouattara.<\/p>\n<p>Le congr\u00e8s constitutif, pr\u00e9vu d\u00e9buter \u00e0 10h (GMT, heure locale), a commenc\u00e9 \u00e0 13 heures. M. Gbagbo, v\u00eatu d&rsquo;un costume sombre, avait \u00e0 ses c\u00f4t\u00e9s ses lieutenants et des partis politiques amis.\u00a0<\/p>\n<p>Cet \u00e9v\u00e9nement qui se d\u00e9roulera du 16 au 17 octobre 2021, marque la rupture d&rsquo;avec le Front populaire ivoirien (FPI, opposition), parti qu&rsquo;il a fond\u00e9 en 1982. Il laisse cet appareil qui l&rsquo;a port\u00e9 au pouvoir d&rsquo;Etat en 2000 en raison de certaines dissensions.\u00a0<\/p>\n<p>Le pr\u00e9sident du Congr\u00e8s constitutif du nouveau parti de Gbagbo, S\u00e9bastien Dano Dj\u00e9dj\u00e9, a indiqu\u00e9 que cette \u00ab\u00a0d\u00e9cision courageuse\u00a0\u00bb, prise au cours d&rsquo;un Comit\u00e9 central extraordinaire, a \u00e9t\u00e9 \u00ab\u00a0largement approuv\u00e9e par les participants\u00a0\u00bb.<\/p>\n<p>\u00ab\u00a0La tenue de ce pr\u00e9sent congr\u00e8s constitue la d\u00e9cision de passer \u00e0 une \u00e9tape. Il s&rsquo;agit de la cr\u00e9ation d&rsquo;un nouveau parti politique en laissant l&rsquo;enveloppe de l&rsquo;ancien parti (FPI) \u00e0 ceux qui l&rsquo;ont pris en otage\u00a0\u00bb. \u00a0<\/p>\n<p>Devenu chef d&rsquo;Etat, M. Gbagbo a demand\u00e9 \u00e0 ses proches d&rsquo;animer le parti. Ainsi, M. Affi Nguessan est \u00e9lu pr\u00e9sident du FPI, mais \u00e0 la suite de la perte du pouvoir en 2011 et le transf\u00e8rement de M. Gbagbo \u00e0 La Haye, le parti va se fissurer.\u00a0<\/p>\n<p>Pendant qu&rsquo;un clan reconna\u00eet M. Gbagbo comme son pr\u00e9sident du FPI, une autre frange reste attach\u00e9 \u00e0 M. Affi, le pr\u00e9sident statutaire. Acquitt\u00e9 le 31 mars par la CPI, l&rsquo;ex-chef d&rsquo;Etat rentre au pays le 17 juin, et tient le 9 ao\u00fbt une session, \u00a0o\u00f9 il annonce la cr\u00e9ation d&rsquo;un nouveau parti.\u00a0<\/p>\n<p>Pour M. Affi, son mentor Laurent Gbagbo, \u00a0au lieu d&rsquo;afficher une volont\u00e9 de dialogue en vue de l&rsquo;unit\u00e9 du Front populaire ivoirien, a choisi \u00ab\u00a0la rupture et la division\u00a0\u00bb, enterrant l&rsquo;espoir qu&rsquo;avaient leurs militants, leurs \u00e9lecteurs, leurs sympathisants, en l&rsquo;unit\u00e9 de la gauche.<\/p>\n<p>A l&rsquo;ouverture de ce congr\u00e8s constitutif, \u00e9tait absente l&rsquo;ex-Premi\u00e8re dame Simone Ehivet, en instance de divorce avec M. Laurent Gbagbo. Elle a men\u00e9 le combat politique jusqu&rsquo;\u00e0 l&rsquo;ascension du FPI au pouvoir.\u00a0<\/p>\n<p>Plusieurs partis politiques sur le continent africain et europ\u00e9en ont fait le d\u00e9placement pour soutenir la cr\u00e9ation du nouveau parti de Gbagbo. Le pr\u00e9sident Alassane Ouattara, chef du Rhdp (pouvoir), a d\u00e9p\u00each\u00e9 une d\u00e9l\u00e9gation conduite par M. Adama Bictogo.<\/p>\n<p>M. Bictogo a d\u00e9clar\u00e9 que le pr\u00e9sident Alassane Ouattara et le Rhdp sont \u00ab\u00a0dispos\u00e9s \u00e0 renforcer les liens\u00a0\u00bb avec le nouveau parti de Gbagbo, qui devrait \u00eatre officiellement d\u00e9voil\u00e9 dimanche.\u00a0<\/p>\n<p>Le professeur Pierre San\u00e9, du Parti socialiste s\u00e9n\u00e9galais, s&rsquo;est f\u00e9licit\u00e9 de la mise sur les fonds baptismaux d&rsquo;un nouveau parti. Pour lui, ce nom qu&rsquo;il a entendu, \u00ab\u00a0Parti des peuples africains\u00a0\u00bb, indique un parti panafricainiste.\u00a0<\/p>\n<p>M. Jean-Luc M\u00e9lenchon, homme politique fran\u00e7ais, leader de \u00ab\u00a0La France insoumise\u00a0\u00bb, a adress\u00e9 un message de soutien \u00e0 M. Gbagbo pour la cr\u00e9ation de son nouveau parti. Le texte a \u00e9t\u00e9 lu par M. Franck Anderson Kouassi, membre de la Commission communication du Congr\u00e8s.<\/p>\n<p>\u00ab\u00a0Nous partageons certains objectifs d\u00e9cisifs, votre priorit\u00e9 pour la lutte pour la souverainet\u00e9 politique et \u00e9conomique des peuples face \u00e0 l&rsquo;autoritarisme n\u00e9o lib\u00e9ral nous parle directement, elle est une condition du renouvellement des relations d&rsquo;\u00e9gal \u00e0 \u00e9gal entre la France et les pays de l&rsquo;Afrique\u00a0\u00bb, a dit M. M\u00e9lenchon.\u00a0<\/p>\n<p>L&rsquo;ancien pr\u00e9sident B\u00e9ninois, Nic\u00e9phore Soglo, lui a \u00e9galement t\u00e9moign\u00e9 son soutien pour la cr\u00e9ation de ce nouveau parti. Avec cette initiative, il estime que le continent \u00ab\u00a0va r\u00e9solument vers la terre promise\u00a0\u00bb.<\/p>\n<p>Cet article <a rel=\"nofollow\" href=\"https:\/\/www.journalducameroun.com\/ouverture-a-abidjan-du-congres-constitutif-du-nouveau-parti-de-gbagbo\/\">Ouverture \u00e0 Abidjan du Congr\u00e8s constitutif du nouveau parti de Gbagbo<\/a> est apparu en premier sur <a rel=\"nofollow\" href=\"https:\/\/www.journalducameroun.com\/\">Journal du Cameroun<\/a>.<\/p>\n<\/div>\n<p>Auteur: APA News<br \/>\n<a href=\"https:\/\/www.journalducameroun.com\/ouverture-a-abidjan-du-congres-constitutif-du-nouveau-parti-de-gbagbo\/\">Cliquez ici pour lire l&rsquo;article depuis sa source.<\/a><\/p>\n","protected":false},"excerpt":{"rendered":"<p>Le Congr\u00e8s constitutif du nouveau parti de l&rsquo;ex-pr\u00e9sident ivoirien Laurent Gbagbo s&rsquo;est ouvert, samedi, \u00e0 Abidjan en pr\u00e9sence de milliers de partisans et du repr\u00e9sentant de Alassane Ouattara. Le congr\u00e8s constitutif, pr\u00e9vu d\u00e9buter \u00e0 10h (GMT, heure locale), a commenc\u00e9 \u00e0 13 heures. M. Gbagbo, v\u00eatu d&rsquo;un costume sombre, avait \u00e0 ses c\u00f4t\u00e9s ses lieutenants [&hellip;]<\/p>\n","protected":false},"author":1965,"featured_media":0,"comment_status":"closed","ping_status":"closed","sticky":false,"template":"","format":"standard","meta":{"fifu_image_url":"https:\/\/www.journalducameroun.com\/wp-content\/uploads\/2021\/10\/16344190823870.jpg","fifu_image_alt":"Ouverture \u00e0 Abidjan du Congr\u00e8s constitutif du nouveau parti de Gbagbo","footnotes":""},"categories":[73,82],"tags":[],"class_list":["post-130173","post","type-post","status-publish","format-standard","hentry","category-actualite","category-cameroun"],"_links":{"self":[{"href":"https:\/\/linitiative.ca\/International\/wp-json\/wp\/v2\/posts\/130173","targetHints":{"allow":["GET"]}}],"collection":[{"href":"https:\/\/linitiative.ca\/International\/wp-json\/wp\/v2\/posts"}],"about":[{"href":"https:\/\/linitiative.ca\/International\/wp-json\/wp\/v2\/types\/post"}],"author":[{"embeddable":true,"href":"https:\/\/linitiative.ca\/International\/wp-json\/wp\/v2\/users\/1965"}],"replies":[{"embeddable":true,"href":"https:\/\/linitiative.ca\/International\/wp-json\/wp\/v2\/comments?post=130173"}],"version-history":[{"count":0,"href":"https:\/\/linitiative.ca\/International\/wp-json\/wp\/v2\/posts\/130173\/revisions"}],"wp:attachment":[{"href":"https:\/\/linitiative.ca\/International\/wp-json\/wp\/v2\/media?parent=130173"}],"wp:term":[{"taxonomy":"category","embeddable":true,"href":"https:\/\/linitiative.ca\/International\/wp-json\/wp\/v2\/categories?post=130173"},{"taxonomy":"post_tag","embeddable":true,"href":"https:\/\/linitiative.ca\/International\/wp-json\/wp\/v2\/tags?post=130173"}],"curies":[{"name":"wp","href":"https:\/\/api.w.org\/{rel}","templated":true}]}}