{"id":130177,"date":"2021-10-16T11:47:30","date_gmt":"2021-10-16T15:47:30","guid":{"rendered":"https:\/\/linitiative.ca\/International\/covid-19-maroc-la-situation-epidemiologique-au-16-octobre-2021-a-16h00\/"},"modified":"2021-10-16T11:47:30","modified_gmt":"2021-10-16T15:47:30","slug":"covid-19-maroc-la-situation-epidemiologique-au-16-octobre-2021-a-16h00","status":"publish","type":"post","link":"https:\/\/linitiative.ca\/International\/covid-19-maroc-la-situation-epidemiologique-au-16-octobre-2021-a-16h00\/","title":{"rendered":"Covid-19 \/ Maroc : La situation \u00e9pid\u00e9miologique au 16 octobre 2021 \u00e0 16H00"},"content":{"rendered":"<div>\n<p><img decoding=\"async\" width=\"300\" height=\"153\" src=\"https:\/\/linitiative.ca\/International\/wp-content\/uploads\/sites\/23\/2021\/10\/malade-covid-19-300x153-1.jpg\" class=\"attachment-medium size-medium wp-post-image\" alt=\"\" loading=\"lazy\" srcset=\"https:\/\/linitiative.ca\/International\/wp-content\/uploads\/sites\/23\/2021\/10\/malade-covid-19-300x153-1.jpg 300w, https:\/\/aujourdhui.ma\/wp-content\/uploads\/2021\/10\/malade-covid-19-274x140.jpg 274w, https:\/\/aujourdhui.ma\/wp-content\/uploads\/2021\/10\/malade-covid-19.jpg 746w, https:\/\/aujourdhui.ma\/wp-content\/uploads\/2021\/10\/malade-covid-19-165x84.jpg 165w, https:\/\/aujourdhui.ma\/wp-content\/uploads\/2021\/10\/malade-covid-19-702x358.jpg 702w\" sizes=\"auto, (max-width: 300px) 100vw, 300px\"><\/p>\n<p><strong>Entre hier \u00e0 16H00 et aujourd\u2019hui \u00e0 16H00<\/strong><span id=\"more-389049\"><\/span><\/p>\n<p>417 nouveaux cas soit un cumul de 941.863 cas \u00e0 ce jour.<br \/>\n382 gu\u00e9risons soit un cumul de 921.430 \u00e0 ce jour.<br \/>\n4 nouveaux d\u00e9c\u00e8s donc un cumul de 14.537 \u00e0 ce jour.<\/p>\n<p><strong>Nombre de personnes vaccin\u00e9es au 16 octobre 16H00<\/strong><\/p>\n<p>1 \u00e8re dose :\u00a0\u00a0<strong>23 230 919<br \/>\n<\/strong><\/p>\n<p>2 \u00e8me dose :<strong> 20 908 945<br \/>\n<\/strong><\/p>\n<p>3 \u00e8me dose :<strong> 644 722<\/strong><\/p>\n<p><a href=\"https:\/\/linitiative.ca\/International\/wp-content\/uploads\/sites\/23\/2021\/10\/bilan-corona-2.jpeg\"><img decoding=\"async\" loading=\"lazy\" class=\"aligncenter size-full wp-image-389204\" src=\"https:\/\/linitiative.ca\/International\/wp-content\/uploads\/sites\/23\/2021\/10\/bilan-corona-2.jpeg\" alt=\"\" width=\"1099\" height=\"1563\" srcset=\"https:\/\/linitiative.ca\/International\/wp-content\/uploads\/sites\/23\/2021\/10\/bilan-corona-2.jpeg 1099w, https:\/\/aujourdhui.ma\/wp-content\/uploads\/2021\/10\/bilan-corona-2-211x300.jpeg 211w, https:\/\/aujourdhui.ma\/wp-content\/uploads\/2021\/10\/bilan-corona-2-720x1024.jpeg 720w, https:\/\/aujourdhui.ma\/wp-content\/uploads\/2021\/10\/bilan-corona-2-768x1092.jpeg 768w, https:\/\/aujourdhui.ma\/wp-content\/uploads\/2021\/10\/bilan-corona-2-1080x1536.jpeg 1080w\" sizes=\"auto, (max-width: 1099px) 100vw, 1099px\"><\/a> <a href=\"https:\/\/linitiative.ca\/International\/wp-content\/uploads\/sites\/23\/2021\/10\/bilan-corona-3.jpeg\"><img decoding=\"async\" loading=\"lazy\" class=\"aligncenter size-full wp-image-389205\" src=\"https:\/\/linitiative.ca\/International\/wp-content\/uploads\/sites\/23\/2021\/10\/bilan-corona-3.jpeg\" alt=\"\" width=\"1170\" height=\"820\" srcset=\"https:\/\/linitiative.ca\/International\/wp-content\/uploads\/sites\/23\/2021\/10\/bilan-corona-3.jpeg 1170w, https:\/\/aujourdhui.ma\/wp-content\/uploads\/2021\/10\/bilan-corona-3-300x210.jpeg 300w, https:\/\/aujourdhui.ma\/wp-content\/uploads\/2021\/10\/bilan-corona-3-1024x718.jpeg 1024w, https:\/\/aujourdhui.ma\/wp-content\/uploads\/2021\/10\/bilan-corona-3-768x538.jpeg 768w\" sizes=\"auto, (max-width: 1170px) 100vw, 1170px\"><\/a> <a href=\"https:\/\/linitiative.ca\/International\/wp-content\/uploads\/sites\/23\/2021\/10\/bilan-corona-4.jpeg\"><img decoding=\"async\" loading=\"lazy\" class=\"aligncenter size-full wp-image-389207\" src=\"https:\/\/linitiative.ca\/International\/wp-content\/uploads\/sites\/23\/2021\/10\/bilan-corona-4.jpeg\" alt=\"\" width=\"1056\" height=\"1600\" srcset=\"https:\/\/linitiative.ca\/International\/wp-content\/uploads\/sites\/23\/2021\/10\/bilan-corona-4.jpeg 1056w, https:\/\/aujourdhui.ma\/wp-content\/uploads\/2021\/10\/bilan-corona-4-198x300.jpeg 198w, https:\/\/aujourdhui.ma\/wp-content\/uploads\/2021\/10\/bilan-corona-4-676x1024.jpeg 676w, https:\/\/aujourdhui.ma\/wp-content\/uploads\/2021\/10\/bilan-corona-4-768x1164.jpeg 768w, https:\/\/aujourdhui.ma\/wp-content\/uploads\/2021\/10\/bilan-corona-4-1014x1536.jpeg 1014w\" sizes=\"auto, (max-width: 1056px) 100vw, 1056px\"><\/a> <a href=\"https:\/\/linitiative.ca\/International\/wp-content\/uploads\/sites\/23\/2021\/10\/bilan-corona-1.jpeg\"><img decoding=\"async\" loading=\"lazy\" class=\"aligncenter size-full wp-image-389206\" src=\"https:\/\/linitiative.ca\/International\/wp-content\/uploads\/sites\/23\/2021\/10\/bilan-corona-1.jpeg\" alt=\"\" width=\"1170\" height=\"1278\" srcset=\"https:\/\/linitiative.ca\/International\/wp-content\/uploads\/sites\/23\/2021\/10\/bilan-corona-1.jpeg 1170w, https:\/\/aujourdhui.ma\/wp-content\/uploads\/2021\/10\/bilan-corona-1-275x300.jpeg 275w, https:\/\/aujourdhui.ma\/wp-content\/uploads\/2021\/10\/bilan-corona-1-937x1024.jpeg 937w, https:\/\/aujourdhui.ma\/wp-content\/uploads\/2021\/10\/bilan-corona-1-768x839.jpeg 768w\" sizes=\"auto, (max-width: 1170px) 100vw, 1170px\"><\/a><\/p>\n<\/div>\n<p>Auteur: ALM<br \/>\n<a href=\"https:\/\/aujourdhui.ma\/societe\/covid-19-maroc-la-situation-epidemiologique-au-16-octobre-2021-a-16h00\">Cliquez ici pour lire l&rsquo;article depuis sa source.<\/a><\/p>\n","protected":false},"excerpt":{"rendered":"<p>Entre hier \u00e0 16H00 et aujourd\u2019hui \u00e0 16H00 417 nouveaux cas soit un cumul de 941.863 cas \u00e0 ce jour. 382 gu\u00e9risons soit un cumul de 921.430 \u00e0 ce jour. 4 nouveaux d\u00e9c\u00e8s donc un cumul de 14.537 \u00e0 ce jour. Nombre de personnes vaccin\u00e9es au 16 octobre 16H00 1 \u00e8re dose :\u00a0\u00a023 230 919 [&hellip;]<\/p>\n","protected":false},"author":1759,"featured_media":0,"comment_status":"closed","ping_status":"closed","sticky":false,"template":"","format":"standard","meta":{"fifu_image_url":"https:\/\/aujourdhui.ma\/wp-content\/uploads\/2021\/10\/malade-covid-19-300x153.jpg","fifu_image_alt":"Covid-19 \/ Maroc : La situation \u00e9pid\u00e9miologique au 16 octobre 2021 \u00e0 16H00","footnotes":""},"categories":[73,54],"tags":[],"class_list":["post-130177","post","type-post","status-publish","format-standard","hentry","category-actualite","category-maroc"],"_links":{"self":[{"href":"https:\/\/linitiative.ca\/International\/wp-json\/wp\/v2\/posts\/130177","targetHints":{"allow":["GET"]}}],"collection":[{"href":"https:\/\/linitiative.ca\/International\/wp-json\/wp\/v2\/posts"}],"about":[{"href":"https:\/\/linitiative.ca\/International\/wp-json\/wp\/v2\/types\/post"}],"author":[{"embeddable":true,"href":"https:\/\/linitiative.ca\/International\/wp-json\/wp\/v2\/users\/1759"}],"replies":[{"embeddable":true,"href":"https:\/\/linitiative.ca\/International\/wp-json\/wp\/v2\/comments?post=130177"}],"version-history":[{"count":0,"href":"https:\/\/linitiative.ca\/International\/wp-json\/wp\/v2\/posts\/130177\/revisions"}],"wp:attachment":[{"href":"https:\/\/linitiative.ca\/International\/wp-json\/wp\/v2\/media?parent=130177"}],"wp:term":[{"taxonomy":"category","embeddable":true,"href":"https:\/\/linitiative.ca\/International\/wp-json\/wp\/v2\/categories?post=130177"},{"taxonomy":"post_tag","embeddable":true,"href":"https:\/\/linitiative.ca\/International\/wp-json\/wp\/v2\/tags?post=130177"}],"curies":[{"name":"wp","href":"https:\/\/api.w.org\/{rel}","templated":true}]}}