{"id":130183,"date":"2021-10-17T11:23:34","date_gmt":"2021-10-17T15:23:34","guid":{"rendered":"https:\/\/linitiative.ca\/International\/covid-19-maroc-la-situation-epidemiologique-au-17-octobre-2021-a-16h00\/"},"modified":"2021-10-17T11:23:34","modified_gmt":"2021-10-17T15:23:34","slug":"covid-19-maroc-la-situation-epidemiologique-au-17-octobre-2021-a-16h00","status":"publish","type":"post","link":"https:\/\/linitiative.ca\/International\/covid-19-maroc-la-situation-epidemiologique-au-17-octobre-2021-a-16h00\/","title":{"rendered":"Covid-19 \/ Maroc : La situation \u00e9pid\u00e9miologique au 17 octobre 2021 \u00e0 16H00"},"content":{"rendered":"<div>\n<p><img decoding=\"async\" width=\"300\" height=\"153\" src=\"https:\/\/linitiative.ca\/International\/wp-content\/uploads\/sites\/23\/2021\/10\/vaccin-anti-covid-armeCC81e-blanche-recCCA7oit-sa-dose-6-300x153-1.jpg\" class=\"attachment-medium size-medium wp-post-image\" alt=\"\" loading=\"lazy\" srcset=\"https:\/\/linitiative.ca\/International\/wp-content\/uploads\/sites\/23\/2021\/10\/vaccin-anti-covid-armeCC81e-blanche-recCCA7oit-sa-dose-6-300x153-1.jpg 300w, https:\/\/aujourdhui.ma\/wp-content\/uploads\/2021\/01\/vaccin-anti-covid-arme\u0301e-blanche-rec\u0327oit-sa-dose-6-274x140.jpg 274w, https:\/\/aujourdhui.ma\/wp-content\/uploads\/2021\/01\/vaccin-anti-covid-arme\u0301e-blanche-rec\u0327oit-sa-dose-6.jpg 746w, https:\/\/aujourdhui.ma\/wp-content\/uploads\/2021\/01\/vaccin-anti-covid-arme\u0301e-blanche-rec\u0327oit-sa-dose-6-165x84.jpg 165w, https:\/\/aujourdhui.ma\/wp-content\/uploads\/2021\/01\/vaccin-anti-covid-arme\u0301e-blanche-rec\u0327oit-sa-dose-6-702x358.jpg 702w\" sizes=\"auto, (max-width: 300px) 100vw, 300px\"><\/p>\n<p><span style=\"font-size: 20px; color: #800000;\"><strong>Entre hier \u00e0 16H00 et aujourd\u2019hui \u00e0 16H00<\/strong><\/span><span id=\"more-389049\"><\/span><span id=\"more-389210\"><\/span><\/p>\n<p>269 nouveaux cas soit un cumul de 942 132 cas \u00e0 ce jour.<br \/>\n198 gu\u00e9risons soit un cumul de 921 628 \u00e0 ce jour.<br \/>\n7 nouveaux d\u00e9c\u00e8s donc un cumul de 14 544 \u00e0 ce jour.<\/p>\n<p><span style=\"color: #ff0000;\"><strong>Nombre de personnes vaccin\u00e9es au 17 octobre 16H00<\/strong><\/span><\/p>\n<p>1 \u00e8re dose :\u00a0 <strong>23 236 666<br \/>\n<\/strong><\/p>\n<p>2 \u00e8me dose :<strong>20 925 569 <\/strong><\/p>\n<p>3 \u00e8me dose :<strong> 705 534<br \/>\n<\/strong><\/p>\n<p><a href=\"https:\/\/linitiative.ca\/International\/wp-content\/uploads\/sites\/23\/2021\/10\/coronavirus17102021_Page_1-scaled-1.jpg\"><img decoding=\"async\" loading=\"lazy\" class=\"aligncenter size-full wp-image-389212\" src=\"https:\/\/linitiative.ca\/International\/wp-content\/uploads\/sites\/23\/2021\/10\/coronavirus17102021_Page_1-scaled-1.jpg\" alt=\"\" width=\"1356\" height=\"2560\" srcset=\"https:\/\/linitiative.ca\/International\/wp-content\/uploads\/sites\/23\/2021\/10\/coronavirus17102021_Page_1-scaled-1.jpg 1356w, https:\/\/aujourdhui.ma\/wp-content\/uploads\/2021\/10\/coronavirus17102021_Page_1-159x300.jpg 159w, https:\/\/aujourdhui.ma\/wp-content\/uploads\/2021\/10\/coronavirus17102021_Page_1-542x1024.jpg 542w, https:\/\/aujourdhui.ma\/wp-content\/uploads\/2021\/10\/coronavirus17102021_Page_1-768x1450.jpg 768w, https:\/\/aujourdhui.ma\/wp-content\/uploads\/2021\/10\/coronavirus17102021_Page_1-813x1536.jpg 813w, https:\/\/aujourdhui.ma\/wp-content\/uploads\/2021\/10\/coronavirus17102021_Page_1-1085x2048.jpg 1085w\" sizes=\"auto, (max-width: 1356px) 100vw, 1356px\"><\/a> <a href=\"https:\/\/linitiative.ca\/International\/wp-content\/uploads\/sites\/23\/2021\/10\/coronavirus17102021_Page_2-scaled-1.jpg\"><img decoding=\"async\" loading=\"lazy\" class=\"aligncenter size-full wp-image-389213\" src=\"https:\/\/linitiative.ca\/International\/wp-content\/uploads\/sites\/23\/2021\/10\/coronavirus17102021_Page_2-scaled-1.jpg\" alt=\"\" width=\"1356\" height=\"2560\" srcset=\"https:\/\/linitiative.ca\/International\/wp-content\/uploads\/sites\/23\/2021\/10\/coronavirus17102021_Page_2-scaled-1.jpg 1356w, https:\/\/aujourdhui.ma\/wp-content\/uploads\/2021\/10\/coronavirus17102021_Page_2-159x300.jpg 159w, https:\/\/aujourdhui.ma\/wp-content\/uploads\/2021\/10\/coronavirus17102021_Page_2-542x1024.jpg 542w, https:\/\/aujourdhui.ma\/wp-content\/uploads\/2021\/10\/coronavirus17102021_Page_2-768x1450.jpg 768w, https:\/\/aujourdhui.ma\/wp-content\/uploads\/2021\/10\/coronavirus17102021_Page_2-813x1536.jpg 813w, https:\/\/aujourdhui.ma\/wp-content\/uploads\/2021\/10\/coronavirus17102021_Page_2-1085x2048.jpg 1085w\" sizes=\"auto, (max-width: 1356px) 100vw, 1356px\"><\/a> <a href=\"https:\/\/linitiative.ca\/International\/wp-content\/uploads\/sites\/23\/2021\/10\/coronavirus17102021_Page_3-scaled-1.jpg\"><img decoding=\"async\" loading=\"lazy\" class=\"aligncenter size-full wp-image-389214\" src=\"https:\/\/linitiative.ca\/International\/wp-content\/uploads\/sites\/23\/2021\/10\/coronavirus17102021_Page_3-scaled-1.jpg\" alt=\"\" width=\"1356\" height=\"2560\" srcset=\"https:\/\/linitiative.ca\/International\/wp-content\/uploads\/sites\/23\/2021\/10\/coronavirus17102021_Page_3-scaled-1.jpg 1356w, https:\/\/aujourdhui.ma\/wp-content\/uploads\/2021\/10\/coronavirus17102021_Page_3-159x300.jpg 159w, https:\/\/aujourdhui.ma\/wp-content\/uploads\/2021\/10\/coronavirus17102021_Page_3-542x1024.jpg 542w, https:\/\/aujourdhui.ma\/wp-content\/uploads\/2021\/10\/coronavirus17102021_Page_3-768x1450.jpg 768w, https:\/\/aujourdhui.ma\/wp-content\/uploads\/2021\/10\/coronavirus17102021_Page_3-813x1536.jpg 813w, https:\/\/aujourdhui.ma\/wp-content\/uploads\/2021\/10\/coronavirus17102021_Page_3-1085x2048.jpg 1085w\" sizes=\"auto, (max-width: 1356px) 100vw, 1356px\"><\/a> <a href=\"https:\/\/linitiative.ca\/International\/wp-content\/uploads\/sites\/23\/2021\/10\/coronavirus17102021_Page_4-scaled-1.jpg\"><img decoding=\"async\" loading=\"lazy\" class=\"aligncenter size-full wp-image-389215\" src=\"https:\/\/linitiative.ca\/International\/wp-content\/uploads\/sites\/23\/2021\/10\/coronavirus17102021_Page_4-scaled-1.jpg\" alt=\"\" width=\"1356\" height=\"2560\" srcset=\"https:\/\/linitiative.ca\/International\/wp-content\/uploads\/sites\/23\/2021\/10\/coronavirus17102021_Page_4-scaled-1.jpg 1356w, https:\/\/aujourdhui.ma\/wp-content\/uploads\/2021\/10\/coronavirus17102021_Page_4-159x300.jpg 159w, https:\/\/aujourdhui.ma\/wp-content\/uploads\/2021\/10\/coronavirus17102021_Page_4-542x1024.jpg 542w, https:\/\/aujourdhui.ma\/wp-content\/uploads\/2021\/10\/coronavirus17102021_Page_4-768x1450.jpg 768w, https:\/\/aujourdhui.ma\/wp-content\/uploads\/2021\/10\/coronavirus17102021_Page_4-813x1536.jpg 813w, https:\/\/aujourdhui.ma\/wp-content\/uploads\/2021\/10\/coronavirus17102021_Page_4-1085x2048.jpg 1085w\" sizes=\"auto, (max-width: 1356px) 100vw, 1356px\"><\/a><\/p>\n<p>\u00a0<\/p>\n<\/div>\n<p>Auteur: ALM<br \/>\n<a href=\"https:\/\/aujourdhui.ma\/societe\/covid-19-maroc-la-situation-epidemiologique-au-17-octobre-2021-a-16h00\">Cliquez ici pour lire l&rsquo;article depuis sa source.<\/a><\/p>\n","protected":false},"excerpt":{"rendered":"<p>Entre hier \u00e0 16H00 et aujourd\u2019hui \u00e0 16H00 269 nouveaux cas soit un cumul de 942 132 cas \u00e0 ce jour. 198 gu\u00e9risons soit un cumul de 921 628 \u00e0 ce jour. 7 nouveaux d\u00e9c\u00e8s donc un cumul de 14 544 \u00e0 ce jour. Nombre de personnes vaccin\u00e9es au 17 octobre 16H00 1 \u00e8re dose [&hellip;]<\/p>\n","protected":false},"author":1759,"featured_media":0,"comment_status":"closed","ping_status":"closed","sticky":false,"template":"","format":"standard","meta":{"fifu_image_url":"https:\/\/aujourdhui.ma\/wp-content\/uploads\/2021\/01\/vaccin-anti-covid-arme\u0301e-blanche-rec\u0327oit-sa-dose-6-300x153.jpg","fifu_image_alt":"Covid-19 \/ Maroc : La situation \u00e9pid\u00e9miologique au 17 octobre 2021 \u00e0 16H00","footnotes":""},"categories":[73,54],"tags":[],"class_list":["post-130183","post","type-post","status-publish","format-standard","hentry","category-actualite","category-maroc"],"_links":{"self":[{"href":"https:\/\/linitiative.ca\/International\/wp-json\/wp\/v2\/posts\/130183","targetHints":{"allow":["GET"]}}],"collection":[{"href":"https:\/\/linitiative.ca\/International\/wp-json\/wp\/v2\/posts"}],"about":[{"href":"https:\/\/linitiative.ca\/International\/wp-json\/wp\/v2\/types\/post"}],"author":[{"embeddable":true,"href":"https:\/\/linitiative.ca\/International\/wp-json\/wp\/v2\/users\/1759"}],"replies":[{"embeddable":true,"href":"https:\/\/linitiative.ca\/International\/wp-json\/wp\/v2\/comments?post=130183"}],"version-history":[{"count":0,"href":"https:\/\/linitiative.ca\/International\/wp-json\/wp\/v2\/posts\/130183\/revisions"}],"wp:attachment":[{"href":"https:\/\/linitiative.ca\/International\/wp-json\/wp\/v2\/media?parent=130183"}],"wp:term":[{"taxonomy":"category","embeddable":true,"href":"https:\/\/linitiative.ca\/International\/wp-json\/wp\/v2\/categories?post=130183"},{"taxonomy":"post_tag","embeddable":true,"href":"https:\/\/linitiative.ca\/International\/wp-json\/wp\/v2\/tags?post=130183"}],"curies":[{"name":"wp","href":"https:\/\/api.w.org\/{rel}","templated":true}]}}