{"id":130190,"date":"2021-10-17T09:59:26","date_gmt":"2021-10-17T13:59:26","guid":{"rendered":"https:\/\/linitiative.ca\/International\/prolongement-de-la-periode-de-consultation-des-offres\/"},"modified":"2021-10-17T09:59:26","modified_gmt":"2021-10-17T13:59:26","slug":"prolongement-de-la-periode-de-consultation-des-offres","status":"publish","type":"post","link":"https:\/\/linitiative.ca\/International\/prolongement-de-la-periode-de-consultation-des-offres\/","title":{"rendered":"Prolongement de la p\u00e9riode de consultation des offres"},"content":{"rendered":"<div>\n<p class=\"has-text-align-center has-vivid-red-color has-text-color\"><strong>Unit\u00e9 flottante de stockage et de regaz\u00e9ification du gaz<\/strong><\/p>\n<p class=\"has-vivid-cyan-blue-color has-text-color\"><strong>Le minist\u00e8re de la Transition \u00e9nerg\u00e9tique et du D\u00e9veloppement durable a annonc\u00e9 le prolongement de 10 jours de la p\u00e9riode de consultation des offres d\u00e9pos\u00e9es dans le cadre de l\u2019appel \u00e0 manifestation d\u2019int\u00e9r\u00eat pour la construction et l\u2019exploitation d\u2019une unit\u00e9 flottante de stockage et de regaz\u00e9ification du gaz naturel liqu\u00e9fi\u00e9 (FSRU) au Maroc.<\/strong><\/p>\n<p>L\u2019importance de ce projet et les conditions du march\u00e9 national et r\u00e9gional ont suscit\u00e9 l\u2019int\u00e9r\u00eat d\u2019un nombre important de soci\u00e9t\u00e9s nationales et internationales, a soulign\u00e9 le minist\u00e8re dans un communiqu\u00e9, d\u00e9cidant ainsi de prolonger, de 10 jours \u00e0 partir du 15 octobre, la p\u00e9riode de consultation des offres re\u00e7ues dans le cadre de cet appel lanc\u00e9 le 23 mars dernier.<\/p>\n<p>Cette prolongation, explique le minist\u00e8re, est motiv\u00e9e par l\u2019engouement des op\u00e9rateurs et la captation de nouvelles opportunit\u00e9s dans un sch\u00e9ma acc\u00e9l\u00e9r\u00e9, afin d\u2019assurer plus de visibilit\u00e9 pour les prochaines \u00e9tapes de la r\u00e9alisation.<\/p>\n<p>Durant cette prolongation, ajoute la m\u00eame source, les soumissionnaires pourront r\u00e9pondre \u00e0 la demande d\u2019informations compl\u00e9mentaires aux offres d\u00e9pos\u00e9es, le 15 mai dernier, en tenant compte de l\u2019ajout d\u2019un site suppl\u00e9mentaire, au Nord du Royaume, tout en d\u00e9taillant la structuration du financement envisag\u00e9 ainsi que les conditions du contrat d\u2019approvisionnement en gaz.<\/p>\n<p>Les soci\u00e9t\u00e9s ayant manifest\u00e9 leur int\u00e9r\u00eat sont contact\u00e9es par l\u2019administration, en toute transparence, \u00e0 l\u2019effet d\u2019affiner les offres et pr\u00e9senter un mod\u00e8le d\u2019approvisionnement permettant la s\u00e9curit\u00e9 de l\u2019approvisionnement pour le Maroc, fait savoir le minist\u00e8re.<\/p>\n<p>Le Maroc a r\u00e9ussi \u00e0 d\u00e9ployer, sous la conduite \u00e9clair\u00e9e du Roi Mohammed VI, l\u2019op\u00e9rationnalisation efficiente et efficace de sa Strat\u00e9gie \u00e9nerg\u00e9tique nationale pour une \u00e9nergie durable, comp\u00e9titive et s\u00e9curis\u00e9e. Cette Strat\u00e9gie s\u2019appuie sur le d\u00e9veloppement volontariste des \u00e9nergies renouvelables et le renforcement du gaz naturel dans le mix-\u00e9nerg\u00e9tique.<\/p>\n<p>L\u2019article <a rel=\"nofollow\" href=\"http:\/\/albayane.press.ma\/prolongement-de-la-periode-de-consultation-des-offres.html\">Prolongement de la p\u00e9riode de consultation des offres<\/a> est apparu en premier sur <a rel=\"nofollow\" href=\"http:\/\/albayane.press.ma\/\">ALBAYANE<\/a>.<\/p>\n<\/div>\n<p>Auteur: M&rsquo;hammed rahal<br \/>\n<a href=\"http:\/\/albayane.press.ma\/prolongement-de-la-periode-de-consultation-des-offres.html\">Cliquez ici pour lire l&rsquo;article depuis sa source.<\/a><\/p>\n","protected":false},"excerpt":{"rendered":"<p>Unit\u00e9 flottante de stockage et de regaz\u00e9ification du gaz Le minist\u00e8re de la Transition \u00e9nerg\u00e9tique et du D\u00e9veloppement durable a annonc\u00e9 le prolongement de 10 jours de la p\u00e9riode de consultation des offres d\u00e9pos\u00e9es dans le cadre de l\u2019appel \u00e0 manifestation d\u2019int\u00e9r\u00eat pour la construction et l\u2019exploitation d\u2019une unit\u00e9 flottante de stockage et de regaz\u00e9ification [&hellip;]<\/p>\n","protected":false},"author":1760,"featured_media":0,"comment_status":"closed","ping_status":"closed","sticky":false,"template":"","format":"standard","meta":{"fifu_image_url":"","fifu_image_alt":"","footnotes":""},"categories":[73,54],"tags":[],"class_list":["post-130190","post","type-post","status-publish","format-standard","hentry","category-actualite","category-maroc"],"_links":{"self":[{"href":"https:\/\/linitiative.ca\/International\/wp-json\/wp\/v2\/posts\/130190","targetHints":{"allow":["GET"]}}],"collection":[{"href":"https:\/\/linitiative.ca\/International\/wp-json\/wp\/v2\/posts"}],"about":[{"href":"https:\/\/linitiative.ca\/International\/wp-json\/wp\/v2\/types\/post"}],"author":[{"embeddable":true,"href":"https:\/\/linitiative.ca\/International\/wp-json\/wp\/v2\/users\/1760"}],"replies":[{"embeddable":true,"href":"https:\/\/linitiative.ca\/International\/wp-json\/wp\/v2\/comments?post=130190"}],"version-history":[{"count":0,"href":"https:\/\/linitiative.ca\/International\/wp-json\/wp\/v2\/posts\/130190\/revisions"}],"wp:attachment":[{"href":"https:\/\/linitiative.ca\/International\/wp-json\/wp\/v2\/media?parent=130190"}],"wp:term":[{"taxonomy":"category","embeddable":true,"href":"https:\/\/linitiative.ca\/International\/wp-json\/wp\/v2\/categories?post=130190"},{"taxonomy":"post_tag","embeddable":true,"href":"https:\/\/linitiative.ca\/International\/wp-json\/wp\/v2\/tags?post=130190"}],"curies":[{"name":"wp","href":"https:\/\/api.w.org\/{rel}","templated":true}]}}