{"id":130192,"date":"2021-10-17T10:06:52","date_gmt":"2021-10-17T14:06:52","guid":{"rendered":"https:\/\/linitiative.ca\/International\/un-responsable-ue-salue-lengagement-fort-de-la-societe-civile-marocaine\/"},"modified":"2021-10-17T10:06:52","modified_gmt":"2021-10-17T14:06:52","slug":"un-responsable-ue-salue-lengagement-fort-de-la-societe-civile-marocaine","status":"publish","type":"post","link":"https:\/\/linitiative.ca\/International\/un-responsable-ue-salue-lengagement-fort-de-la-societe-civile-marocaine\/","title":{"rendered":"Un responsable UE salue \u00abl\u2019engagement fort\u00bb de la soci\u00e9t\u00e9 civile marocaine"},"content":{"rendered":"<div>\n<p class=\"has-text-align-center has-vivid-red-color has-text-color\"><strong>Abolition de la peine de mort<\/strong><\/p>\n<p class=\"has-vivid-cyan-blue-color has-text-color\"><strong>Le chef adjoint de la D\u00e9l\u00e9gation de l\u2019Union europ\u00e9enne (UE) au Maroc, Alessio Cappellani a salu\u00e9, jeudi \u00e0 Rabat, \u00ab\u00a0l\u2019engagement fort\u00a0\u00bb de la soci\u00e9t\u00e9 civile marocaine dans les efforts et initiatives pour abolir la peine de mort, qui constitue \u00ab\u00a0une violation des droits humains, notamment le droit \u00e0 la vie\u00a0\u00bb.<\/strong><\/p>\n<p>Au cours d\u2019une rencontre avec la presse organis\u00e9e par la Coalition marocaine pour l\u2019abolition de la peine de mort et le Conseil national des droits de l\u2019Homme (CNDH) \u00e0 l\u2019occasion de la Journ\u00e9e mondiale d\u00e9di\u00e9e \u00e0 ce sujet, M. Cappellani s\u2019est dit \u00ab\u00a0fier\u00a0\u00bb de soutenir les initiatives de la soci\u00e9t\u00e9 civile, qui est fortement impliqu\u00e9e dans cette bataille et qui milite pour r\u00e9pandre une culture abolitionniste chez les jeunes.<\/p>\n<p>\u00ab\u00a0La peine de mort n\u2019est pas la solution\u00a0\u00bb, a-t-il dit, mettant l\u2019accent sur l\u2019importance de mobiliser le secteur de la culture vu son r\u00f4le important dans le d\u00e9bat soci\u00e9tal et ce, pour consolider les valeurs de la vie et des droits de l\u2019Homme.<\/p>\n<p>Pour sa part, la pr\u00e9sidente du Conseil national des droits de l\u2019Homme (CNDH) Amina Bouayach, a estim\u00e9 que le processus de plaidoyer sur la peine de mort a besoin d\u2019une mise \u00e0 jour et d\u2019une g\u00e9n\u00e9ralisation des r\u00e9ponses \u00e0 de nombreuses hypoth\u00e8ses et questions qui reposent \u00ab\u00a0sur un malentendu que la peine de mort est le seul moyen de dissuasion contre les crimes grave\u00a0\u00bb.<\/p>\n<p>\u00ab\u00a0Demandons ensemble si la l\u00e9gislation qui pr\u00e9voit la peine de mort ne pr\u00e9voit pas une violation grave des droits humains ? Et la peine de mort a-t-elle r\u00e9duit les crimes graves ? La r\u00e9ponse est non\u00a0\u00bb, a-t-elle d\u00e9fendu.<\/p>\n<p>Pour Mme Bouayach, le choix par la Coalition mondiale contre la peine de mort du th\u00e8me \u00ab\u00a0Les femmes condamn\u00e9es \u00e0 mort, une r\u00e9alit\u00e9 invisible\u00a0\u00bb est principalement d\u00fb au fait que les donn\u00e9es sont rares, lorsqu\u2019il s\u2019agit de femmes condamn\u00e9es \u00e0 mort, ex\u00e9cut\u00e9es, acquitt\u00e9es ou graci\u00e9es.<\/p>\n<p>Les femmes souffrent toujours de discrimination fond\u00e9e sur le sexe m\u00eame dans les condamnations et les conditions de d\u00e9tention, notant que selon les donn\u00e9es disponibles en 2020, 16 femmes ont \u00e9t\u00e9 ex\u00e9cut\u00e9es dans le monde et sept pays comptent au moins une femme condamn\u00e9e \u00e0 mort, a-t-elle argu\u00e9.<\/p>\n<p>Selon les donn\u00e9es du Conseil, poursuit-elle, deux femmes sont condamn\u00e9es \u00e0 mort, avec lesquelles le Conseil communique lors de leurs visites, ainsi qu\u2019une femme qui a b\u00e9n\u00e9fici\u00e9 de la gr\u00e2ce royale au cours de l\u2019ann\u00e9e \u00e9coul\u00e9e.<\/p>\n<p>Nouzha Skalli, coordinatrice du r\u00e9seau des parlementaires contre la peine de mort, a estim\u00e9, quant \u00e0 elle, que le faible nombre de femmes condamn\u00e9es \u00e0 mort ne doit pas emp\u00eacher, d\u2019accorer une importance particuli\u00e8re \u00e0 leurs conditions de d\u00e9tention et d\u2019\u00e9largir le mouvement soci\u00e9tal en faveur de l\u2019abolition de la peine de mort au mouvement f\u00e9minin qui milite pour les droits des femmes.<\/p>\n<p>Dans le m\u00eame contexte, Abdellatif Reffoua, pr\u00e9sident de l\u2019Observatoire marocain des prisons (OMP), a indiqu\u00e9 que si le nombre de femmes condamn\u00e9es \u00e0 mort au Maroc ne d\u00e9passe pas deux, selon la D\u00e9l\u00e9gation g\u00e9n\u00e9rale \u00e0 l\u2019administration p\u00e9nitentiaire et \u00e0 la r\u00e9insertion (DGAPR), il est tr\u00e8s important de tirer la sonnette d\u2019alarme sur les cas de discrimination dont les femmes sont victimes et leurs cons\u00e9quences sur la peine prononc\u00e9e, soulignant que les discussions sur la question de l\u2019abolition de la peine de mort n\u00e9cessitent politiquement et socialement \u00ab\u00a0de trouver un \u00e9quilibre entre la protection du droit \u00e0 la vie et le maintien de l\u2019ordre public\u00a0\u00bb.<\/p>\n<p>Le reste des interventions de cette conf\u00e9rence de presse a estim\u00e9 que pour que la question de l\u2019abolition de la peine de mort devienne une question d\u2019institutions \u00e9ducatives aux c\u00f4t\u00e9s du travail des journalistes, avocats et autres.<\/p>\n<p>\u00ab\u00a0L\u2019\u00e9ducation doit \u00eatre ouvert aux probl\u00e8mes communautaires, y compris la question de l\u2019abolition de la peine de mort\u00a0\u00bb pr\u00e9cise-t-on, appelant \u00e0 \u00e9riger une strat\u00e9gie qui rassemble les deux c\u00f4t\u00e9s de l\u2019\u00e9quation de plaidoirie pour le droit \u00e0 la vie et s\u2019opposer \u00e0 la peine de mort d\u2019une part et d\u2019autre par une action m\u00e9diatique critique.<\/p>\n<p>Cette rencontre a \u00e9t\u00e9 l\u2019occasion de continuer \u00e0 plaider en faveur de l\u2019abolition de la peine de mort et d\u2019appeler le gouvernement \u00e0 voter la r\u00e9solution de l\u2019Assembl\u00e9e g\u00e9n\u00e9rale des Nations Unies appelant \u00e0 un moratoire sur l\u2019application de la peine de mort, en vue de l\u2019adh\u00e9sion au Deuxi\u00e8me Protocole facultatif au Pacte international relatif aux droits civils et politiques.<\/p>\n<p>Dans le cadre de la c\u00e9l\u00e9bration de cette journ\u00e9e (10 octobre de chaque ann\u00e9e), le si\u00e8ge du CNDH accueille une exposition couronnant la quatri\u00e8me \u00e9dition du concours international d\u2019affiches \u00ab\u00a0Dessine l\u2019abolition\u00a0\u00bb, organis\u00e9 au profit des jeunes par le R\u00e9seau international d\u2019\u00e9ducation pour l\u2019abolition de la peine de mort et de l\u2019Association (Ensemble contre la peine de mort).<\/p>\n<p>L\u2019article <a rel=\"nofollow\" href=\"http:\/\/albayane.press.ma\/un-responsable-ue-salue-lengagement-fort-de-la-societe-civile-marocaine.html\">Un responsable UE salue \u00abl\u2019engagement fort\u00bb de la soci\u00e9t\u00e9 civile marocaine<\/a> est apparu en premier sur <a rel=\"nofollow\" href=\"http:\/\/albayane.press.ma\/\">ALBAYANE<\/a>.<\/p>\n<\/div>\n<p>Auteur: M&rsquo;hammed rahal<br \/>\n<a href=\"http:\/\/albayane.press.ma\/un-responsable-ue-salue-lengagement-fort-de-la-societe-civile-marocaine.html\">Cliquez ici pour lire l&rsquo;article depuis sa source.<\/a><\/p>\n","protected":false},"excerpt":{"rendered":"<p>Abolition de la peine de mort Le chef adjoint de la D\u00e9l\u00e9gation de l\u2019Union europ\u00e9enne (UE) au Maroc, Alessio Cappellani a salu\u00e9, jeudi \u00e0 Rabat, \u00ab\u00a0l\u2019engagement fort\u00a0\u00bb de la soci\u00e9t\u00e9 civile marocaine dans les efforts et initiatives pour abolir la peine de mort, qui constitue \u00ab\u00a0une violation des droits humains, notamment le droit \u00e0 la [&hellip;]<\/p>\n","protected":false},"author":1760,"featured_media":0,"comment_status":"closed","ping_status":"closed","sticky":false,"template":"","format":"standard","meta":{"fifu_image_url":"","fifu_image_alt":"","footnotes":""},"categories":[73,54],"tags":[],"class_list":["post-130192","post","type-post","status-publish","format-standard","hentry","category-actualite","category-maroc"],"_links":{"self":[{"href":"https:\/\/linitiative.ca\/International\/wp-json\/wp\/v2\/posts\/130192","targetHints":{"allow":["GET"]}}],"collection":[{"href":"https:\/\/linitiative.ca\/International\/wp-json\/wp\/v2\/posts"}],"about":[{"href":"https:\/\/linitiative.ca\/International\/wp-json\/wp\/v2\/types\/post"}],"author":[{"embeddable":true,"href":"https:\/\/linitiative.ca\/International\/wp-json\/wp\/v2\/users\/1760"}],"replies":[{"embeddable":true,"href":"https:\/\/linitiative.ca\/International\/wp-json\/wp\/v2\/comments?post=130192"}],"version-history":[{"count":0,"href":"https:\/\/linitiative.ca\/International\/wp-json\/wp\/v2\/posts\/130192\/revisions"}],"wp:attachment":[{"href":"https:\/\/linitiative.ca\/International\/wp-json\/wp\/v2\/media?parent=130192"}],"wp:term":[{"taxonomy":"category","embeddable":true,"href":"https:\/\/linitiative.ca\/International\/wp-json\/wp\/v2\/categories?post=130192"},{"taxonomy":"post_tag","embeddable":true,"href":"https:\/\/linitiative.ca\/International\/wp-json\/wp\/v2\/tags?post=130192"}],"curies":[{"name":"wp","href":"https:\/\/api.w.org\/{rel}","templated":true}]}}