{"id":130193,"date":"2021-10-17T10:12:05","date_gmt":"2021-10-17T14:12:05","guid":{"rendered":"https:\/\/linitiative.ca\/International\/reunion-de-la-8eme-session-du-comite-central-du-pps\/"},"modified":"2021-10-17T10:12:05","modified_gmt":"2021-10-17T14:12:05","slug":"reunion-de-la-8eme-session-du-comite-central-du-pps","status":"publish","type":"post","link":"https:\/\/linitiative.ca\/International\/reunion-de-la-8eme-session-du-comite-central-du-pps\/","title":{"rendered":"R\u00e9union de la 8\u00e8me session du comit\u00e9 central du PPS"},"content":{"rendered":"<div>\n<p class=\"has-text-align-center has-vivid-red-color has-text-color\"><strong>Le 30 octobre prochain au si\u00e8ge du parti \u00e0 Rabat<\/strong><\/p>\n<p class=\"has-vivid-cyan-blue-color has-text-color\"><strong>Le Bureau politique \u00a0du Parti du progr\u00e8s et du socialisme a adress\u00e9, conform\u00e9ment au Statuts du Parti, une invitation pour la tenue des \u00a0travaux de la huiti\u00e8me session du comit\u00e9 central, qui se tiendra en pr\u00e9sentiel le samedi 30 octobre 2021, \u00e0 partir de neuf heures \u00e0 Rabat.<\/strong><\/p>\n<p class=\"has-vivid-cyan-blue-color has-text-color\"><strong>Ladite r\u00e9union se tiendra en tenant compte des mesures pr\u00e9ventives et de pr\u00e9caution en rapport avec la pand\u00e9mie du corona virus.<\/strong><\/p>\n<p class=\"has-vivid-cyan-blue-color has-text-color\"><strong>L\u2019invitation \u00e0 cette r\u00e9union a \u00e9t\u00e9 adress\u00e9e aux membres du comit\u00e9 central,\u00a0 de la commission nationale du contr\u00f4le politique et d\u2019arbitrage, et de la commission nationale du contr\u00f4le financier.<\/strong><\/p>\n<p class=\"has-vivid-cyan-blue-color has-text-color\"><strong>L\u2019ordre du jour de cette session, dont le rapporteur est \u00a0le camarade Secr\u00e9taire G\u00e9n\u00e9ral, comprendra un rapport, pr\u00e9sent\u00e9 au nom du bureau politique, sur la situation politique nationale apr\u00e8s les \u00e9ch\u00e9ances \u00e9lectorales, et les t\u00e2ches de l\u2019\u00e9tape.<\/strong><strong><\/strong><\/p>\n<p>L\u2019article <a rel=\"nofollow\" href=\"http:\/\/albayane.press.ma\/reunion-de-la-8eme-session-du-comite-central-du-pps.html\">R\u00e9union de la 8\u00e8me session du comit\u00e9 central du PPS<\/a> est apparu en premier sur <a rel=\"nofollow\" href=\"http:\/\/albayane.press.ma\/\">ALBAYANE<\/a>.<\/p>\n<\/div>\n<p>Auteur: M&rsquo;hammed rahal<br \/>\n<a href=\"http:\/\/albayane.press.ma\/reunion-de-la-8eme-session-du-comite-central-du-pps.html\">Cliquez ici pour lire l&rsquo;article depuis sa source.<\/a><\/p>\n","protected":false},"excerpt":{"rendered":"<p>Le 30 octobre prochain au si\u00e8ge du parti \u00e0 Rabat Le Bureau politique \u00a0du Parti du progr\u00e8s et du socialisme a adress\u00e9, conform\u00e9ment au Statuts du Parti, une invitation pour la tenue des \u00a0travaux de la huiti\u00e8me session du comit\u00e9 central, qui se tiendra en pr\u00e9sentiel le samedi 30 octobre 2021, \u00e0 partir de neuf [&hellip;]<\/p>\n","protected":false},"author":1760,"featured_media":0,"comment_status":"closed","ping_status":"closed","sticky":false,"template":"","format":"standard","meta":{"fifu_image_url":"","fifu_image_alt":"","footnotes":""},"categories":[73,54],"tags":[],"class_list":["post-130193","post","type-post","status-publish","format-standard","hentry","category-actualite","category-maroc"],"_links":{"self":[{"href":"https:\/\/linitiative.ca\/International\/wp-json\/wp\/v2\/posts\/130193","targetHints":{"allow":["GET"]}}],"collection":[{"href":"https:\/\/linitiative.ca\/International\/wp-json\/wp\/v2\/posts"}],"about":[{"href":"https:\/\/linitiative.ca\/International\/wp-json\/wp\/v2\/types\/post"}],"author":[{"embeddable":true,"href":"https:\/\/linitiative.ca\/International\/wp-json\/wp\/v2\/users\/1760"}],"replies":[{"embeddable":true,"href":"https:\/\/linitiative.ca\/International\/wp-json\/wp\/v2\/comments?post=130193"}],"version-history":[{"count":0,"href":"https:\/\/linitiative.ca\/International\/wp-json\/wp\/v2\/posts\/130193\/revisions"}],"wp:attachment":[{"href":"https:\/\/linitiative.ca\/International\/wp-json\/wp\/v2\/media?parent=130193"}],"wp:term":[{"taxonomy":"category","embeddable":true,"href":"https:\/\/linitiative.ca\/International\/wp-json\/wp\/v2\/categories?post=130193"},{"taxonomy":"post_tag","embeddable":true,"href":"https:\/\/linitiative.ca\/International\/wp-json\/wp\/v2\/tags?post=130193"}],"curies":[{"name":"wp","href":"https:\/\/api.w.org\/{rel}","templated":true}]}}