{"id":130197,"date":"2021-10-17T09:45:25","date_gmt":"2021-10-17T13:45:25","guid":{"rendered":"https:\/\/linitiative.ca\/International\/un-conseil-des-ministres-prevu-ce-dimanche-a-fes\/"},"modified":"2021-10-17T09:45:25","modified_gmt":"2021-10-17T13:45:25","slug":"un-conseil-des-ministres-prevu-ce-dimanche-a-fes","status":"publish","type":"post","link":"https:\/\/linitiative.ca\/International\/un-conseil-des-ministres-prevu-ce-dimanche-a-fes\/","title":{"rendered":"Un conseil des ministres pr\u00e9vu ce dimanche \u00e0 F\u00e8s"},"content":{"rendered":"<div>\n<div class=\"field field-name-body field-type-text-with-summary field-label-hidden\">\n<div class=\"field-items\">\n<div class=\"field-item even\" property=\"content:encoded\">\n<p class=\"rtejustify\">Un Conseil des ministres est pr\u00e9vu ce dimanche, autour du Projet de loi de finances (PLF) 2022. Ce conseil devrait se tenir sous la pr\u00e9sidence du roi Mohammed VI, au Palais royal de F\u00e8s, afin de jeter les bases du projet de loi de finances 2022, avant son approbation au Parlement, a appris L&rsquo;Economiste de sources concordantes. Le Conseil des ministres a \u00e9t\u00e9 pr\u00e9c\u00e9d\u00e9 d&rsquo;un conseil du gouvernement, tenu hier en pr\u00e9sentiel, et lors duquel le PLF 2022 a \u00e9t\u00e9 expos\u00e9.<\/p>\n<\/div>\n<\/div>\n<\/div>\n<\/div>\n<p>Auteur: hgueye<br \/>\n<a href=\"https:\/\/www.leconomiste.com\/flash-infos\/un-conseil-des-ministres-prevu-ce-dimanche-fes\">Cliquez ici pour lire l&rsquo;article depuis sa source.<\/a><\/p>\n","protected":false},"excerpt":{"rendered":"<p>Un Conseil des ministres est pr\u00e9vu ce dimanche, autour du Projet de loi de finances (PLF) 2022. Ce conseil devrait se tenir sous la pr\u00e9sidence du roi Mohammed VI, au Palais royal de F\u00e8s, afin de jeter les bases du projet de loi de finances 2022, avant son approbation au Parlement, a appris L&rsquo;Economiste de [&hellip;]<\/p>\n","protected":false},"author":1763,"featured_media":0,"comment_status":"closed","ping_status":"closed","sticky":false,"template":"","format":"standard","meta":{"fifu_image_url":"","fifu_image_alt":"","footnotes":""},"categories":[78,54],"tags":[],"class_list":["post-130197","post","type-post","status-publish","format-standard","hentry","category-economie","category-maroc"],"_links":{"self":[{"href":"https:\/\/linitiative.ca\/International\/wp-json\/wp\/v2\/posts\/130197","targetHints":{"allow":["GET"]}}],"collection":[{"href":"https:\/\/linitiative.ca\/International\/wp-json\/wp\/v2\/posts"}],"about":[{"href":"https:\/\/linitiative.ca\/International\/wp-json\/wp\/v2\/types\/post"}],"author":[{"embeddable":true,"href":"https:\/\/linitiative.ca\/International\/wp-json\/wp\/v2\/users\/1763"}],"replies":[{"embeddable":true,"href":"https:\/\/linitiative.ca\/International\/wp-json\/wp\/v2\/comments?post=130197"}],"version-history":[{"count":0,"href":"https:\/\/linitiative.ca\/International\/wp-json\/wp\/v2\/posts\/130197\/revisions"}],"wp:attachment":[{"href":"https:\/\/linitiative.ca\/International\/wp-json\/wp\/v2\/media?parent=130197"}],"wp:term":[{"taxonomy":"category","embeddable":true,"href":"https:\/\/linitiative.ca\/International\/wp-json\/wp\/v2\/categories?post=130197"},{"taxonomy":"post_tag","embeddable":true,"href":"https:\/\/linitiative.ca\/International\/wp-json\/wp\/v2\/tags?post=130197"}],"curies":[{"name":"wp","href":"https:\/\/api.w.org\/{rel}","templated":true}]}}