{"id":130199,"date":"2021-10-17T13:50:58","date_gmt":"2021-10-17T17:50:58","guid":{"rendered":"https:\/\/linitiative.ca\/International\/le-roi-preside-un-conseil-des-ministres\/"},"modified":"2021-10-17T13:50:58","modified_gmt":"2021-10-17T17:50:58","slug":"le-roi-preside-un-conseil-des-ministres","status":"publish","type":"post","link":"https:\/\/linitiative.ca\/International\/le-roi-preside-un-conseil-des-ministres\/","title":{"rendered":"Le Roi pr\u00e9side un Conseil des ministres"},"content":{"rendered":"<div>\n<div class=\"field field-name-body field-type-text-with-summary field-label-hidden\">\n<div class=\"field-items\">\n<div class=\"field-item even\" property=\"content:encoded\">\n<p class=\"rtejustify\">Le Roi Mohammed VI a pr\u00e9sid\u00e9, ce dimanche au palais royal \u00e0 F\u00e8s, un conseil des ministres, consacr\u00e9 \u00e0\u00a0l&rsquo;examen des orientations g\u00e9n\u00e9rales du projet de loi de finances 2022, l&rsquo;adoption d&rsquo;un projet de loi organique et de nombre d&rsquo;accords internationaux, ainsi qu&rsquo;\u00e0 des nominations aux fonctions sup\u00e9rieures, a indiqu\u00e9 le porte-parole du palais royal).<\/p>\n<p class=\"rtejustify\">Ce Conseil des ministres a \u00e9t\u00e9 l&rsquo;occasion pour\u00a0la ministre de l&rsquo;\u00e9conomie et des finances, Nadia Fettah Alaoui, de pr\u00e9senter\u00a0un expos\u00e9 devant le Souverain sur les orientations g\u00e9n\u00e9rales du PLF 2022.<\/p>\n<\/div>\n<\/div>\n<\/div>\n<\/div>\n<p>Auteur: hgueye<br \/>\n<a href=\"https:\/\/www.leconomiste.com\/flash-infos\/le-roi-preside-un-conseil-des-ministres-2\">Cliquez ici pour lire l&rsquo;article depuis sa source.<\/a><\/p>\n","protected":false},"excerpt":{"rendered":"<p>Le Roi Mohammed VI a pr\u00e9sid\u00e9, ce dimanche au palais royal \u00e0 F\u00e8s, un conseil des ministres, consacr\u00e9 \u00e0\u00a0l&rsquo;examen des orientations g\u00e9n\u00e9rales du projet de loi de finances 2022, l&rsquo;adoption d&rsquo;un projet de loi organique et de nombre d&rsquo;accords internationaux, ainsi qu&rsquo;\u00e0 des nominations aux fonctions sup\u00e9rieures, a indiqu\u00e9 le porte-parole du palais royal). Ce [&hellip;]<\/p>\n","protected":false},"author":1763,"featured_media":0,"comment_status":"closed","ping_status":"closed","sticky":false,"template":"","format":"standard","meta":{"fifu_image_url":"","fifu_image_alt":"","footnotes":""},"categories":[78,54],"tags":[],"class_list":["post-130199","post","type-post","status-publish","format-standard","hentry","category-economie","category-maroc"],"_links":{"self":[{"href":"https:\/\/linitiative.ca\/International\/wp-json\/wp\/v2\/posts\/130199","targetHints":{"allow":["GET"]}}],"collection":[{"href":"https:\/\/linitiative.ca\/International\/wp-json\/wp\/v2\/posts"}],"about":[{"href":"https:\/\/linitiative.ca\/International\/wp-json\/wp\/v2\/types\/post"}],"author":[{"embeddable":true,"href":"https:\/\/linitiative.ca\/International\/wp-json\/wp\/v2\/users\/1763"}],"replies":[{"embeddable":true,"href":"https:\/\/linitiative.ca\/International\/wp-json\/wp\/v2\/comments?post=130199"}],"version-history":[{"count":0,"href":"https:\/\/linitiative.ca\/International\/wp-json\/wp\/v2\/posts\/130199\/revisions"}],"wp:attachment":[{"href":"https:\/\/linitiative.ca\/International\/wp-json\/wp\/v2\/media?parent=130199"}],"wp:term":[{"taxonomy":"category","embeddable":true,"href":"https:\/\/linitiative.ca\/International\/wp-json\/wp\/v2\/categories?post=130199"},{"taxonomy":"post_tag","embeddable":true,"href":"https:\/\/linitiative.ca\/International\/wp-json\/wp\/v2\/tags?post=130199"}],"curies":[{"name":"wp","href":"https:\/\/api.w.org\/{rel}","templated":true}]}}