{"id":130200,"date":"2021-10-17T14:11:44","date_gmt":"2021-10-17T18:11:44","guid":{"rendered":"https:\/\/linitiative.ca\/International\/diplomatie-mohamed-benchaaboun-devient-ambassadeur\/"},"modified":"2021-10-17T14:11:44","modified_gmt":"2021-10-17T18:11:44","slug":"diplomatie-mohamed-benchaaboun-devient-ambassadeur","status":"publish","type":"post","link":"https:\/\/linitiative.ca\/International\/diplomatie-mohamed-benchaaboun-devient-ambassadeur\/","title":{"rendered":"Diplomatie: Mohamed Bencha\u00e2boun devient ambassadeur"},"content":{"rendered":"<div>\n<div class=\"field field-name-body field-type-text-with-summary field-label-hidden\">\n<div class=\"field-items\">\n<div class=\"field-item even\" property=\"content:encoded\">\n<p class=\"rtejustify\">Le Roi Mohammed VI a nomm\u00e9 Mohamed Bencha\u00e2boun, ancien ministre de l&rsquo;Economie et des Finances, nouvel ambassadeur du\u00a0Roi aupr\u00e8s de la R\u00e9publique fran\u00e7aise et Youssef Amrani, ambassadeur\u00a0aupr\u00e8s de l\u2019Union europ\u00e9enne\u00bb. Ces nominations ont \u00e9t\u00e9 annonc\u00e9es \u00e0 l&rsquo;issue du Conseil des ministres tenu ce dimanche au Palais royal \u00e0 F\u00e8s.<\/p>\n<\/div>\n<\/div>\n<\/div>\n<\/div>\n<p>Auteur: hgueye<br \/>\n<a href=\"https:\/\/www.leconomiste.com\/flash-infos\/diplomatie-mohamed-benchaaboun-devient-ambassadeur\">Cliquez ici pour lire l&rsquo;article depuis sa source.<\/a><\/p>\n","protected":false},"excerpt":{"rendered":"<p>Le Roi Mohammed VI a nomm\u00e9 Mohamed Bencha\u00e2boun, ancien ministre de l&rsquo;Economie et des Finances, nouvel ambassadeur du\u00a0Roi aupr\u00e8s de la R\u00e9publique fran\u00e7aise et Youssef Amrani, ambassadeur\u00a0aupr\u00e8s de l\u2019Union europ\u00e9enne\u00bb. Ces nominations ont \u00e9t\u00e9 annonc\u00e9es \u00e0 l&rsquo;issue du Conseil des ministres tenu ce dimanche au Palais royal \u00e0 F\u00e8s. Auteur: hgueye Cliquez ici pour lire [&hellip;]<\/p>\n","protected":false},"author":1763,"featured_media":0,"comment_status":"closed","ping_status":"closed","sticky":false,"template":"","format":"standard","meta":{"fifu_image_url":"","fifu_image_alt":"","footnotes":""},"categories":[78,54],"tags":[],"class_list":["post-130200","post","type-post","status-publish","format-standard","hentry","category-economie","category-maroc"],"_links":{"self":[{"href":"https:\/\/linitiative.ca\/International\/wp-json\/wp\/v2\/posts\/130200","targetHints":{"allow":["GET"]}}],"collection":[{"href":"https:\/\/linitiative.ca\/International\/wp-json\/wp\/v2\/posts"}],"about":[{"href":"https:\/\/linitiative.ca\/International\/wp-json\/wp\/v2\/types\/post"}],"author":[{"embeddable":true,"href":"https:\/\/linitiative.ca\/International\/wp-json\/wp\/v2\/users\/1763"}],"replies":[{"embeddable":true,"href":"https:\/\/linitiative.ca\/International\/wp-json\/wp\/v2\/comments?post=130200"}],"version-history":[{"count":0,"href":"https:\/\/linitiative.ca\/International\/wp-json\/wp\/v2\/posts\/130200\/revisions"}],"wp:attachment":[{"href":"https:\/\/linitiative.ca\/International\/wp-json\/wp\/v2\/media?parent=130200"}],"wp:term":[{"taxonomy":"category","embeddable":true,"href":"https:\/\/linitiative.ca\/International\/wp-json\/wp\/v2\/categories?post=130200"},{"taxonomy":"post_tag","embeddable":true,"href":"https:\/\/linitiative.ca\/International\/wp-json\/wp\/v2\/tags?post=130200"}],"curies":[{"name":"wp","href":"https:\/\/api.w.org\/{rel}","templated":true}]}}