{"id":130212,"date":"2021-10-17T14:14:00","date_gmt":"2021-10-17T18:14:00","guid":{"rendered":"https:\/\/linitiative.ca\/International\/hajer-gueldich-le-bilan-de-la-39e-session-ordinaire-du-conseil-executif-de-lunion-africaine-des-14-et-15-octobre-2021\/"},"modified":"2021-10-17T14:14:00","modified_gmt":"2021-10-17T18:14:00","slug":"hajer-gueldich-le-bilan-de-la-39e-session-ordinaire-du-conseil-executif-de-lunion-africaine-des-14-et-15-octobre-2021","status":"publish","type":"post","link":"https:\/\/linitiative.ca\/International\/hajer-gueldich-le-bilan-de-la-39e-session-ordinaire-du-conseil-executif-de-lunion-africaine-des-14-et-15-octobre-2021\/","title":{"rendered":"Hajer Gueldich: Le bilan de la 39e session ordinaire du conseil ex\u00e9cutif de l\u2019union africaine des 14 et 15 octobre 2021"},"content":{"rendered":"<div><img decoding=\"async\" src=\"https:\/\/linitiative.ca\/International\/wp-content\/uploads\/sites\/23\/2021\/10\/1634492163_article.jpg\" alt=\"Hajer Gueldich: Le bilan de la 39e session ordinaire du conseil ex\u00e9cutif de l\u2019union africaine des 14 et 15 octobre 2021 \" align=\"left\">La 39e session ordinaire du Conseil ex\u00e9cutif de l\u2019Union africaine a eu lieu au si\u00e8ge de l\u2019organisation panafricaine \u00e0 Addis-Abeba (Ethiopie) les 14 et 15 octobre 2021, toujours dans l\u2019absence de toute couverture m\u00e9diatique ou suivi politique de la part de notre pays.<br \/>\nLa Tunisie continue de briller par son absence et son silence quand il s\u2019agit de rendez-vous importants au sein de l\u2019Union africaine. L\u2019opinion publique continue d\u2019ignorer des d\u00e9cisions charni\u00e8res dans la vie du continent africain. Les cercles de d\u00e9cisions au niveau de notre Etat continuent d\u2019ignorer les candidatures de Tunisiennes et de Tunisiens \u00e9ligibles aux plus hautes positions au sein des organes &#8230;<\/p>\n<\/div>\n<p>Auteur:<br \/>\n<a href=\"https:\/\/www.leaders.com.tn\/article\/32542-hajer-gueldich-le-bilan-de-la-39e-session-ordinaire-du-conseil-executif-de-l-union-africaine-des-14-et-15-octobre-2021\">Cliquez ici pour lire l&rsquo;article depuis sa source.<\/a><\/p>\n","protected":false},"excerpt":{"rendered":"<p>La 39e session ordinaire du Conseil ex\u00e9cutif de l\u2019Union africaine a eu lieu au si\u00e8ge de l\u2019organisation panafricaine \u00e0 Addis-Abeba (Ethiopie) les 14 et 15 octobre 2021, toujours dans l\u2019absence de toute couverture m\u00e9diatique ou suivi politique de la part de notre pays. La Tunisie continue de briller par son absence et son silence quand [&hellip;]<\/p>\n","protected":false},"author":1772,"featured_media":0,"comment_status":"closed","ping_status":"closed","sticky":false,"template":"","format":"standard","meta":{"fifu_image_url":"http:\/\/www.leaders.com.tn\/uploads\/content\/thumbnails_small\/1634492163_article.jpg","fifu_image_alt":"Hajer Gueldich: Le bilan de la 39e session ordinaire du conseil ex\u00e9cutif de l\u2019union africaine des 14 et 15 octobre 2021","footnotes":""},"categories":[73,55],"tags":[],"class_list":["post-130212","post","type-post","status-publish","format-standard","hentry","category-actualite","category-tunisie"],"_links":{"self":[{"href":"https:\/\/linitiative.ca\/International\/wp-json\/wp\/v2\/posts\/130212","targetHints":{"allow":["GET"]}}],"collection":[{"href":"https:\/\/linitiative.ca\/International\/wp-json\/wp\/v2\/posts"}],"about":[{"href":"https:\/\/linitiative.ca\/International\/wp-json\/wp\/v2\/types\/post"}],"author":[{"embeddable":true,"href":"https:\/\/linitiative.ca\/International\/wp-json\/wp\/v2\/users\/1772"}],"replies":[{"embeddable":true,"href":"https:\/\/linitiative.ca\/International\/wp-json\/wp\/v2\/comments?post=130212"}],"version-history":[{"count":0,"href":"https:\/\/linitiative.ca\/International\/wp-json\/wp\/v2\/posts\/130212\/revisions"}],"wp:attachment":[{"href":"https:\/\/linitiative.ca\/International\/wp-json\/wp\/v2\/media?parent=130212"}],"wp:term":[{"taxonomy":"category","embeddable":true,"href":"https:\/\/linitiative.ca\/International\/wp-json\/wp\/v2\/categories?post=130212"},{"taxonomy":"post_tag","embeddable":true,"href":"https:\/\/linitiative.ca\/International\/wp-json\/wp\/v2\/tags?post=130212"}],"curies":[{"name":"wp","href":"https:\/\/api.w.org\/{rel}","templated":true}]}}