{"id":13022,"date":"2019-02-11T15:19:02","date_gmt":"2019-02-11T20:19:02","guid":{"rendered":"https:\/\/linitiative.ca\/International\/a-loccasion-du-40e-anniversaire-de-la-revolution-islamique-le-chef-de-letat-felicite-son-homologue-iranien\/"},"modified":"2019-02-11T15:19:02","modified_gmt":"2019-02-11T20:19:02","slug":"a-loccasion-du-40e-anniversaire-de-la-revolution-islamique-le-chef-de-letat-felicite-son-homologue-iranien","status":"publish","type":"post","link":"https:\/\/linitiative.ca\/International\/a-loccasion-du-40e-anniversaire-de-la-revolution-islamique-le-chef-de-letat-felicite-son-homologue-iranien\/","title":{"rendered":"\u00c0 l\u2019occasion du 40e anniversaire de la r\u00e9volution islamique : Le Chef de l\u2019Etat f\u00e9licite son homologue Iranien"},"content":{"rendered":"<p>Le Pr\u00e9sident de la R\u00e9publique, M. Abdelaziz Bouteflika a adress\u00e9 un message de f\u00e9licitations au pr\u00e9sident iranien, Hassan Rouhani, \u00e0 l\u2019occasion du 40e anniversaire de la R\u00e9volution islamique iranienne, dans lequel il lui a r\u00e9affirm\u00e9 son enti\u00e8re disposition \u00e0 poursuivre l&rsquo;action commune pour l&rsquo;\u00e9largissement et la consolidation des relations de coop\u00e9ration et d&rsquo;amiti\u00e9. \u00abIl m&rsquo;est particuli\u00e8rement agr\u00e9able, au moment o\u00f9 la R\u00e9publique Islamique d\u2019Iran c\u00e9l\u00e8bre le 40e anniversaire de la R\u00e9volution islamique iranienne, de vous adresser, au nom du gouvernement et du peuple alg\u00e9riens et en mon nom personnel, mes sinc\u00e8res f\u00e9licitations et mes meilleurs v\u0153ux, priant Dieu de vous accorder sant\u00e9 et bien-\u00eatre et davantage de progr\u00e8s et de prosp\u00e9rit\u00e9 au peuple iranien fr\u00e8re\u00bb, a \u00e9crit le Pr\u00e9sident Bouteflika dans son message. \u00abJe saisis cette occasion pour exprimer ma profonde satisfaction du niveau des relations d&rsquo;amiti\u00e9 et de coop\u00e9ration bilat\u00e9rale privil\u00e9gi\u00e9es dans tous les domaines et r\u00e9affirmer ma volont\u00e9 d\u2019\u0153uvrer, de concert avec vous, \u00e0 leur renforcement et \u00e0 leur promotion au plus haut niveau, au mieux des int\u00e9r\u00eats de nos deux pays et des aspirations de nos deux peuples\u00bb, a indiqu\u00e9 le Chef de l\u2019Etat. \u00abJe tiens \u00e9galement \u00e0 r\u00e9it\u00e9rer, \u00e0 travers vous, mes v\u0153ux fraternels et l&rsquo;expression de toute ma consid\u00e9ration au cher fr\u00e8re, le Chef supr\u00eame Ayatollah Ali Khamenei\u00bb, a conclu le Chef de l\u2019Etat.<\/p>\n","protected":false},"excerpt":{"rendered":"<p>Le Pr\u00e9sident de la R\u00e9publique, M. Abdelaziz Bouteflika a adress\u00e9 un message de f\u00e9licitations au pr\u00e9sident iranien, Hassan Rouhani, \u00e0 l\u2019occasion du 40e anniversaire de la R\u00e9volution islamique iranienne, dans lequel il lui a r\u00e9affirm\u00e9 son enti\u00e8re disposition \u00e0 poursuivre l&rsquo;action commune pour l&rsquo;\u00e9largissement et la consolidation des relations de coop\u00e9ration et d&rsquo;amiti\u00e9. \u00abIl m&rsquo;est [&hellip;]<\/p>\n","protected":false},"author":1744,"featured_media":0,"comment_status":"closed","ping_status":"closed","sticky":false,"template":"","format":"standard","meta":{"fifu_image_url":"","fifu_image_alt":"","footnotes":""},"categories":[73,53],"tags":[],"class_list":["post-13022","post","type-post","status-publish","format-standard","hentry","category-actualite","category-algerie"],"_links":{"self":[{"href":"https:\/\/linitiative.ca\/International\/wp-json\/wp\/v2\/posts\/13022","targetHints":{"allow":["GET"]}}],"collection":[{"href":"https:\/\/linitiative.ca\/International\/wp-json\/wp\/v2\/posts"}],"about":[{"href":"https:\/\/linitiative.ca\/International\/wp-json\/wp\/v2\/types\/post"}],"author":[{"embeddable":true,"href":"https:\/\/linitiative.ca\/International\/wp-json\/wp\/v2\/users\/1744"}],"replies":[{"embeddable":true,"href":"https:\/\/linitiative.ca\/International\/wp-json\/wp\/v2\/comments?post=13022"}],"version-history":[{"count":0,"href":"https:\/\/linitiative.ca\/International\/wp-json\/wp\/v2\/posts\/13022\/revisions"}],"wp:attachment":[{"href":"https:\/\/linitiative.ca\/International\/wp-json\/wp\/v2\/media?parent=13022"}],"wp:term":[{"taxonomy":"category","embeddable":true,"href":"https:\/\/linitiative.ca\/International\/wp-json\/wp\/v2\/categories?post=13022"},{"taxonomy":"post_tag","embeddable":true,"href":"https:\/\/linitiative.ca\/International\/wp-json\/wp\/v2\/tags?post=13022"}],"curies":[{"name":"wp","href":"https:\/\/api.w.org\/{rel}","templated":true}]}}