{"id":130225,"date":"2021-10-17T08:46:55","date_gmt":"2021-10-17T12:46:55","guid":{"rendered":"https:\/\/linitiative.ca\/International\/les-emirats-arabes-unis-ouvrent-la-possibilite-dun-visa-de-5-ans-pour-les-marocains\/"},"modified":"2021-10-17T08:46:55","modified_gmt":"2021-10-17T12:46:55","slug":"les-emirats-arabes-unis-ouvrent-la-possibilite-dun-visa-de-5-ans-pour-les-marocains","status":"publish","type":"post","link":"https:\/\/linitiative.ca\/International\/les-emirats-arabes-unis-ouvrent-la-possibilite-dun-visa-de-5-ans-pour-les-marocains\/","title":{"rendered":"Les \u00c9mirats Arabes Unis ouvrent la possibilit\u00e9 d\u2019un visa de 5 ans pour les Marocains"},"content":{"rendered":"<div><img decoding=\"async\" width=\"1030\" height=\"646\" src=\"https:\/\/linitiative.ca\/International\/wp-content\/uploads\/sites\/23\/2021\/10\/EMIRATS-2.jpg\" class=\"attachment-post-thumbnail size-post-thumbnail wp-post-image\" alt=\"\" loading=\"lazy\" srcset=\"https:\/\/linitiative.ca\/International\/wp-content\/uploads\/sites\/23\/2021\/10\/EMIRATS-2.jpg 1030w, https:\/\/www.challenge.ma\/wp-content\/uploads\/2021\/10\/EMIRATS-2-300x188.jpg 300w, https:\/\/www.challenge.ma\/wp-content\/uploads\/2021\/10\/EMIRATS-2-1024x642.jpg 1024w, https:\/\/www.challenge.ma\/wp-content\/uploads\/2021\/10\/EMIRATS-2-768x482.jpg 768w, https:\/\/www.challenge.ma\/wp-content\/uploads\/2021\/10\/EMIRATS-2-360x226.jpg 360w\" sizes=\"auto, (max-width: 1030px) 100vw, 1030px\" itemprop=\"image\">Bonne nouvelle pour les Marocains qui souhaitent souvent voyager aux \u00c9mirats arabes unis. Ils pourront d\u00e9sormais b\u00e9n\u00e9ficier de la d\u00e9livrance d\u2019un visa touristique, \u00e0 entr\u00e9es multiples, pour une dur\u00e9e de s\u00e9jour de 90 jours, valable pendant 5 ans. Destination touristique mondiale de premier plan, les \u00c9mirats Arabes Unis comptent bien<\/div>\n<p>Auteur: challenge<br \/>\n<a href=\"https:\/\/www.challenge.ma\/les-emirats-arabes-unis-ouvrent-la-possibilite-dun-visa-de-5-ans-pour-les-marocains-223768\/\">Cliquez ici pour lire l&rsquo;article depuis sa source.<\/a><\/p>\n","protected":false},"excerpt":{"rendered":"<p>Bonne nouvelle pour les Marocains qui souhaitent souvent voyager aux \u00c9mirats arabes unis. Ils pourront d\u00e9sormais b\u00e9n\u00e9ficier de la d\u00e9livrance d\u2019un visa touristique, \u00e0 entr\u00e9es multiples, pour une dur\u00e9e de s\u00e9jour de 90 jours, valable pendant 5 ans. Destination touristique mondiale de premier plan, les \u00c9mirats Arabes Unis comptent bien Auteur: challenge Cliquez ici pour [&hellip;]<\/p>\n","protected":false},"author":1787,"featured_media":0,"comment_status":"closed","ping_status":"closed","sticky":false,"template":"","format":"standard","meta":{"fifu_image_url":"https:\/\/www.challenge.ma\/wp-content\/uploads\/2021\/10\/EMIRATS-2.jpg","fifu_image_alt":"Les \u00c9mirats Arabes Unis ouvrent la possibilit\u00e9 d\u2019un visa de 5 ans pour les Marocains","footnotes":""},"categories":[78,54],"tags":[],"class_list":["post-130225","post","type-post","status-publish","format-standard","hentry","category-economie","category-maroc"],"_links":{"self":[{"href":"https:\/\/linitiative.ca\/International\/wp-json\/wp\/v2\/posts\/130225","targetHints":{"allow":["GET"]}}],"collection":[{"href":"https:\/\/linitiative.ca\/International\/wp-json\/wp\/v2\/posts"}],"about":[{"href":"https:\/\/linitiative.ca\/International\/wp-json\/wp\/v2\/types\/post"}],"author":[{"embeddable":true,"href":"https:\/\/linitiative.ca\/International\/wp-json\/wp\/v2\/users\/1787"}],"replies":[{"embeddable":true,"href":"https:\/\/linitiative.ca\/International\/wp-json\/wp\/v2\/comments?post=130225"}],"version-history":[{"count":0,"href":"https:\/\/linitiative.ca\/International\/wp-json\/wp\/v2\/posts\/130225\/revisions"}],"wp:attachment":[{"href":"https:\/\/linitiative.ca\/International\/wp-json\/wp\/v2\/media?parent=130225"}],"wp:term":[{"taxonomy":"category","embeddable":true,"href":"https:\/\/linitiative.ca\/International\/wp-json\/wp\/v2\/categories?post=130225"},{"taxonomy":"post_tag","embeddable":true,"href":"https:\/\/linitiative.ca\/International\/wp-json\/wp\/v2\/tags?post=130225"}],"curies":[{"name":"wp","href":"https:\/\/api.w.org\/{rel}","templated":true}]}}