{"id":130227,"date":"2021-10-17T10:00:10","date_gmt":"2021-10-17T14:00:10","guid":{"rendered":"https:\/\/linitiative.ca\/International\/classement-fifa-le-maroc-devrait-doubler-lalgerie-et-integrer-le-top-30-mondial-pour-la-premiere-fois\/"},"modified":"2021-10-17T10:00:10","modified_gmt":"2021-10-17T14:00:10","slug":"classement-fifa-le-maroc-devrait-doubler-lalgerie-et-integrer-le-top-30-mondial-pour-la-premiere-fois","status":"publish","type":"post","link":"https:\/\/linitiative.ca\/International\/classement-fifa-le-maroc-devrait-doubler-lalgerie-et-integrer-le-top-30-mondial-pour-la-premiere-fois\/","title":{"rendered":"Classement FIFA. Le Maroc devrait doubler l\u2019Alg\u00e9rie et int\u00e9grer le Top 30 mondial pour la premi\u00e8re fois"},"content":{"rendered":"<div><img decoding=\"async\" width=\"712\" height=\"460\" src=\"https:\/\/linitiative.ca\/International\/wp-content\/uploads\/sites\/23\/2021\/10\/FOOT.jpg\" class=\"attachment-post-thumbnail size-post-thumbnail wp-post-image\" alt=\"\" loading=\"lazy\" srcset=\"https:\/\/linitiative.ca\/International\/wp-content\/uploads\/sites\/23\/2021\/10\/FOOT.jpg 712w, https:\/\/www.challenge.ma\/wp-content\/uploads\/2021\/10\/FOOT-300x194.jpg 300w, https:\/\/www.challenge.ma\/wp-content\/uploads\/2021\/10\/FOOT-360x233.jpg 360w\" sizes=\"auto, (max-width: 712px) 100vw, 712px\" itemprop=\"image\">Pour la premi\u00e8re fois, les Lions de l\u2019Atlas vont int\u00e9grer le Top 30 mondial. Selon le site sp\u00e9cialis\u00e9 en mati\u00e8re des statistiques du football mondial, \u00ab\u00a0Football Ranking\u00a0\u00bb,\u00a0ils devront passer, dans le classement FIFA d\u2019octobre qui sera publi\u00e9 au milieu de la semaine prochaine, de la 4\u00e8me\u00a0place \u00e0 la 3\u00e8me\u00a0au niveau<\/div>\n<p>Auteur: challenge<br \/>\n<a href=\"https:\/\/www.challenge.ma\/classement-fifa-le-maroc-devrait-doubler-lalgerie-et-integrer-le-top-30-mondial-pour-la-premiere-fois-223785\/\">Cliquez ici pour lire l&rsquo;article depuis sa source.<\/a><\/p>\n","protected":false},"excerpt":{"rendered":"<p>Pour la premi\u00e8re fois, les Lions de l\u2019Atlas vont int\u00e9grer le Top 30 mondial. Selon le site sp\u00e9cialis\u00e9 en mati\u00e8re des statistiques du football mondial, \u00ab\u00a0Football Ranking\u00a0\u00bb,\u00a0ils devront passer, dans le classement FIFA d\u2019octobre qui sera publi\u00e9 au milieu de la semaine prochaine, de la 4\u00e8me\u00a0place \u00e0 la 3\u00e8me\u00a0au niveau Auteur: challenge Cliquez ici pour [&hellip;]<\/p>\n","protected":false},"author":1787,"featured_media":0,"comment_status":"closed","ping_status":"closed","sticky":false,"template":"","format":"standard","meta":{"fifu_image_url":"https:\/\/www.challenge.ma\/wp-content\/uploads\/2021\/10\/FOOT.jpg","fifu_image_alt":"Classement FIFA. Le Maroc devrait doubler l\u2019Alg\u00e9rie et int\u00e9grer le Top 30 mondial pour la premi\u00e8re fois","footnotes":""},"categories":[78,54],"tags":[],"class_list":["post-130227","post","type-post","status-publish","format-standard","hentry","category-economie","category-maroc"],"_links":{"self":[{"href":"https:\/\/linitiative.ca\/International\/wp-json\/wp\/v2\/posts\/130227","targetHints":{"allow":["GET"]}}],"collection":[{"href":"https:\/\/linitiative.ca\/International\/wp-json\/wp\/v2\/posts"}],"about":[{"href":"https:\/\/linitiative.ca\/International\/wp-json\/wp\/v2\/types\/post"}],"author":[{"embeddable":true,"href":"https:\/\/linitiative.ca\/International\/wp-json\/wp\/v2\/users\/1787"}],"replies":[{"embeddable":true,"href":"https:\/\/linitiative.ca\/International\/wp-json\/wp\/v2\/comments?post=130227"}],"version-history":[{"count":0,"href":"https:\/\/linitiative.ca\/International\/wp-json\/wp\/v2\/posts\/130227\/revisions"}],"wp:attachment":[{"href":"https:\/\/linitiative.ca\/International\/wp-json\/wp\/v2\/media?parent=130227"}],"wp:term":[{"taxonomy":"category","embeddable":true,"href":"https:\/\/linitiative.ca\/International\/wp-json\/wp\/v2\/categories?post=130227"},{"taxonomy":"post_tag","embeddable":true,"href":"https:\/\/linitiative.ca\/International\/wp-json\/wp\/v2\/tags?post=130227"}],"curies":[{"name":"wp","href":"https:\/\/api.w.org\/{rel}","templated":true}]}}