{"id":13023,"date":"2019-02-11T15:19:05","date_gmt":"2019-02-11T20:19:05","guid":{"rendered":"https:\/\/linitiative.ca\/International\/cite-universitaire-abderrahmane-taleb-2-de-ben-aknoun-un-etudiant-assassine\/"},"modified":"2019-02-11T15:19:05","modified_gmt":"2019-02-11T20:19:05","slug":"cite-universitaire-abderrahmane-taleb-2-de-ben-aknoun-un-etudiant-assassine","status":"publish","type":"post","link":"https:\/\/linitiative.ca\/International\/cite-universitaire-abderrahmane-taleb-2-de-ben-aknoun-un-etudiant-assassine\/","title":{"rendered":"Cit\u00e9 universitaire abderrahmane-Taleb 2 de Ben Aknoun : Un \u00e9tudiant assassin\u00e9"},"content":{"rendered":"<p>Les agents de la protection civile sont intervenus, vers 22h30, \u00e0 la cit\u00e9 universitaire Taleb-Abderrahmane 2 de Ben Aknoun, pour transf\u00e9rer le corps d&rsquo;un \u00e9tudiant universitaire, retrouv\u00e9 assassin\u00e9 dans sa chambre, \u00e0 la morgue du CHU Mustapha-Pacha, a pr\u00e9cis\u00e9 Sadek Kamel, de la cellule d&rsquo;information aupr\u00e8s des services de la protection civile de la wilaya d&rsquo;Alger.\u00a0 Il s&rsquo;agit d&rsquo;un \u00e9tudiant de 21 ans, en troisi\u00e8me ann\u00e9e m\u00e9decine, a-t-on ajout\u00e9. Pour leur part, les services de s\u00e9curit\u00e9 ont ouvert une enqu\u00eate pour d\u00e9terminer les circonstances de ce crime.<br \/>\u00a0<\/p>\n","protected":false},"excerpt":{"rendered":"<p>Les agents de la protection civile sont intervenus, vers 22h30, \u00e0 la cit\u00e9 universitaire Taleb-Abderrahmane 2 de Ben Aknoun, pour transf\u00e9rer le corps d&rsquo;un \u00e9tudiant universitaire, retrouv\u00e9 assassin\u00e9 dans sa chambre, \u00e0 la morgue du CHU Mustapha-Pacha, a pr\u00e9cis\u00e9 Sadek Kamel, de la cellule d&rsquo;information aupr\u00e8s des services de la protection civile de la wilaya [&hellip;]<\/p>\n","protected":false},"author":1744,"featured_media":0,"comment_status":"closed","ping_status":"closed","sticky":false,"template":"","format":"standard","meta":{"fifu_image_url":"","fifu_image_alt":"","footnotes":""},"categories":[73,53],"tags":[],"class_list":["post-13023","post","type-post","status-publish","format-standard","hentry","category-actualite","category-algerie"],"_links":{"self":[{"href":"https:\/\/linitiative.ca\/International\/wp-json\/wp\/v2\/posts\/13023","targetHints":{"allow":["GET"]}}],"collection":[{"href":"https:\/\/linitiative.ca\/International\/wp-json\/wp\/v2\/posts"}],"about":[{"href":"https:\/\/linitiative.ca\/International\/wp-json\/wp\/v2\/types\/post"}],"author":[{"embeddable":true,"href":"https:\/\/linitiative.ca\/International\/wp-json\/wp\/v2\/users\/1744"}],"replies":[{"embeddable":true,"href":"https:\/\/linitiative.ca\/International\/wp-json\/wp\/v2\/comments?post=13023"}],"version-history":[{"count":0,"href":"https:\/\/linitiative.ca\/International\/wp-json\/wp\/v2\/posts\/13023\/revisions"}],"wp:attachment":[{"href":"https:\/\/linitiative.ca\/International\/wp-json\/wp\/v2\/media?parent=13023"}],"wp:term":[{"taxonomy":"category","embeddable":true,"href":"https:\/\/linitiative.ca\/International\/wp-json\/wp\/v2\/categories?post=13023"},{"taxonomy":"post_tag","embeddable":true,"href":"https:\/\/linitiative.ca\/International\/wp-json\/wp\/v2\/tags?post=13023"}],"curies":[{"name":"wp","href":"https:\/\/api.w.org\/{rel}","templated":true}]}}