{"id":130230,"date":"2021-10-17T14:31:38","date_gmt":"2021-10-17T18:31:38","guid":{"rendered":"https:\/\/linitiative.ca\/International\/tunisie-detention-de-mehdi-ben-gharbia-le-comite-de-defense-reagit\/"},"modified":"2021-10-17T14:31:38","modified_gmt":"2021-10-17T18:31:38","slug":"tunisie-detention-de-mehdi-ben-gharbia-le-comite-de-defense-reagit","status":"publish","type":"post","link":"https:\/\/linitiative.ca\/International\/tunisie-detention-de-mehdi-ben-gharbia-le-comite-de-defense-reagit\/","title":{"rendered":"Tunisie \u2013 D\u00e9tention de Mehdi Ben Gharbia : Le Comit\u00e9 de d\u00e9fense r\u00e9agit"},"content":{"rendered":"<div>\n<p>Le comit\u00e9 de d\u00e9fense de Mehdi Ben Gharbia a r\u00e9v\u00e9l\u00e9 aujourd\u2019hui 17 octobre 2021, des informations sur les circonstances de l\u2019arrestation de leur client dans le communiqu\u00e9 suivant\u00a0: \u201d 1 \u2013 Nous vous confirmons que toutes les inspections qui ont dur\u00e9 9 heures hier (la r\u00e9sidence actuelle de notre client, puis son ancienne maison, ses [\u2026]<\/p>\n<p>L\u2019article <a href=\"https:\/\/www.tunisienumerique.com\/tunisie-detention-de-mehdi-ben-gharbia-le-comite-de-defense-reagit\/\">Tunisie \u2013 D\u00e9tention de Mehdi Ben Gharbia : Le Comit\u00e9 de d\u00e9fense r\u00e9agit<\/a> est apparu en premier sur <a href=\"https:\/\/www.tunisienumerique.com\/\">Tunisie<\/a>.<\/p>\n<\/div>\n<p>Auteur: rania ben slimane<br \/>\n<a href=\"https:\/\/www.tunisienumerique.com\/tunisie-detention-de-mehdi-ben-gharbia-le-comite-de-defense-reagit\/\">Cliquez ici pour lire l&rsquo;article depuis sa source.<\/a><\/p>\n","protected":false},"excerpt":{"rendered":"<p>Le comit\u00e9 de d\u00e9fense de Mehdi Ben Gharbia a r\u00e9v\u00e9l\u00e9 aujourd\u2019hui 17 octobre 2021, des informations sur les circonstances de l\u2019arrestation de leur client dans le communiqu\u00e9 suivant\u00a0: \u201d 1 \u2013 Nous vous confirmons que toutes les inspections qui ont dur\u00e9 9 heures hier (la r\u00e9sidence actuelle de notre client, puis son ancienne maison, ses [&hellip;]<\/p>\n","protected":false},"author":1789,"featured_media":0,"comment_status":"closed","ping_status":"closed","sticky":false,"template":"","format":"standard","meta":{"fifu_image_url":"","fifu_image_alt":"","footnotes":""},"categories":[73,55],"tags":[],"class_list":["post-130230","post","type-post","status-publish","format-standard","hentry","category-actualite","category-tunisie"],"_links":{"self":[{"href":"https:\/\/linitiative.ca\/International\/wp-json\/wp\/v2\/posts\/130230","targetHints":{"allow":["GET"]}}],"collection":[{"href":"https:\/\/linitiative.ca\/International\/wp-json\/wp\/v2\/posts"}],"about":[{"href":"https:\/\/linitiative.ca\/International\/wp-json\/wp\/v2\/types\/post"}],"author":[{"embeddable":true,"href":"https:\/\/linitiative.ca\/International\/wp-json\/wp\/v2\/users\/1789"}],"replies":[{"embeddable":true,"href":"https:\/\/linitiative.ca\/International\/wp-json\/wp\/v2\/comments?post=130230"}],"version-history":[{"count":0,"href":"https:\/\/linitiative.ca\/International\/wp-json\/wp\/v2\/posts\/130230\/revisions"}],"wp:attachment":[{"href":"https:\/\/linitiative.ca\/International\/wp-json\/wp\/v2\/media?parent=130230"}],"wp:term":[{"taxonomy":"category","embeddable":true,"href":"https:\/\/linitiative.ca\/International\/wp-json\/wp\/v2\/categories?post=130230"},{"taxonomy":"post_tag","embeddable":true,"href":"https:\/\/linitiative.ca\/International\/wp-json\/wp\/v2\/tags?post=130230"}],"curies":[{"name":"wp","href":"https:\/\/api.w.org\/{rel}","templated":true}]}}