{"id":130234,"date":"2021-10-17T15:45:45","date_gmt":"2021-10-17T19:45:45","guid":{"rendered":"https:\/\/linitiative.ca\/International\/sortie-du-president-francais-sur-les-crimes-du-17-octobre-1961\/"},"modified":"2021-10-17T15:45:45","modified_gmt":"2021-10-17T19:45:45","slug":"sortie-du-president-francais-sur-les-crimes-du-17-octobre-1961","status":"publish","type":"post","link":"https:\/\/linitiative.ca\/International\/sortie-du-president-francais-sur-les-crimes-du-17-octobre-1961\/","title":{"rendered":"SORTIE DU PRESIDENT FRAN\u00c7AIS SUR LES CRIMES DU 17 OCTOBRE 1961"},"content":{"rendered":"<div>\n<p><img decoding=\"async\" width=\"664\" height=\"443\" src=\"https:\/\/linitiative.ca\/International\/wp-content\/uploads\/sites\/23\/2021\/10\/MACRON-1.jpg\" class=\"attachment- size- wp-post-image\" alt=\"\" loading=\"lazy\" style=\"float:left; margin:0 15px 15px 0;\" srcset=\"https:\/\/linitiative.ca\/International\/wp-content\/uploads\/sites\/23\/2021\/10\/MACRON-1.jpg 664w, https:\/\/lepays.bf\/wp-content\/uploads\/2021\/10\/MACRON-1-300x200.jpg 300w\" sizes=\"auto, (max-width: 664px) 100vw, 664px\">Le pr\u00e9sident fran\u00e7ais, Emmanuel Macron, a fait un pas de plus, le 16 octobre dernier, dans le sens d\u2019obtenir un d\u00e9gel dans les relations tr\u00e8s tendues entre son pays et l\u2019Alg\u00e9rie. En effet, le num\u00e9ro 1 Fran\u00e7ais a d\u00e9nonc\u00e9 les \u00ab\u00a0crimes inexcusables\u00a0\u00bb du 17 octobre 1961 pour la R\u00e9publique fran\u00e7aise. Faut-il le rappeler, les crimes \u2026<\/p>\n<p>L\u2019article <a rel=\"nofollow\" href=\"https:\/\/lepays.bf\/sortie-du-president-francais-sur-les-crimes-du-17-octobre-1961\/\">SORTIE DU PRESIDENT FRAN\u00c7AIS SUR LES CRIMES DU 17 OCTOBRE 1961<\/a> est apparu en premier sur <a rel=\"nofollow\" href=\"https:\/\/lepays.bf\/\">Editions Le Pays<\/a>.<\/p>\n<\/div>\n<p>Auteur: Editions LEPAYS<br \/>\n<a href=\"https:\/\/lepays.bf\/sortie-du-president-francais-sur-les-crimes-du-17-octobre-1961\/\">Cliquez ici pour lire l&rsquo;article depuis sa source.<\/a><\/p>\n","protected":false},"excerpt":{"rendered":"<p>Le pr\u00e9sident fran\u00e7ais, Emmanuel Macron, a fait un pas de plus, le 16 octobre dernier, dans le sens d\u2019obtenir un d\u00e9gel dans les relations tr\u00e8s tendues entre son pays et l\u2019Alg\u00e9rie. En effet, le num\u00e9ro 1 Fran\u00e7ais a d\u00e9nonc\u00e9 les \u00ab\u00a0crimes inexcusables\u00a0\u00bb du 17 octobre 1961 pour la R\u00e9publique fran\u00e7aise. Faut-il le rappeler, les crimes [&hellip;]<\/p>\n","protected":false},"author":1813,"featured_media":0,"comment_status":"closed","ping_status":"closed","sticky":false,"template":"","format":"standard","meta":{"fifu_image_url":"https:\/\/lepays.bf\/wp-content\/uploads\/2021\/10\/MACRON-1.jpg","fifu_image_alt":"SORTIE DU PRESIDENT FRAN\u00c7AIS SUR LES CRIMES DU 17 OCTOBRE 1961","footnotes":""},"categories":[73,81],"tags":[],"class_list":["post-130234","post","type-post","status-publish","format-standard","hentry","category-actualite","category-burkina-faso"],"_links":{"self":[{"href":"https:\/\/linitiative.ca\/International\/wp-json\/wp\/v2\/posts\/130234","targetHints":{"allow":["GET"]}}],"collection":[{"href":"https:\/\/linitiative.ca\/International\/wp-json\/wp\/v2\/posts"}],"about":[{"href":"https:\/\/linitiative.ca\/International\/wp-json\/wp\/v2\/types\/post"}],"author":[{"embeddable":true,"href":"https:\/\/linitiative.ca\/International\/wp-json\/wp\/v2\/users\/1813"}],"replies":[{"embeddable":true,"href":"https:\/\/linitiative.ca\/International\/wp-json\/wp\/v2\/comments?post=130234"}],"version-history":[{"count":0,"href":"https:\/\/linitiative.ca\/International\/wp-json\/wp\/v2\/posts\/130234\/revisions"}],"wp:attachment":[{"href":"https:\/\/linitiative.ca\/International\/wp-json\/wp\/v2\/media?parent=130234"}],"wp:term":[{"taxonomy":"category","embeddable":true,"href":"https:\/\/linitiative.ca\/International\/wp-json\/wp\/v2\/categories?post=130234"},{"taxonomy":"post_tag","embeddable":true,"href":"https:\/\/linitiative.ca\/International\/wp-json\/wp\/v2\/tags?post=130234"}],"curies":[{"name":"wp","href":"https:\/\/api.w.org\/{rel}","templated":true}]}}