{"id":130236,"date":"2021-10-17T17:06:23","date_gmt":"2021-10-17T21:06:23","guid":{"rendered":"https:\/\/linitiative.ca\/International\/armee-de-lair-le-colonel-souleymane-ouedraogo-aux-commandes\/"},"modified":"2021-10-17T17:06:23","modified_gmt":"2021-10-17T21:06:23","slug":"armee-de-lair-le-colonel-souleymane-ouedraogo-aux-commandes","status":"publish","type":"post","link":"https:\/\/linitiative.ca\/International\/armee-de-lair-le-colonel-souleymane-ouedraogo-aux-commandes\/","title":{"rendered":"Arm\u00e9e de l\u2019air : Le colonel Souleymane Ou\u00e9draogo  aux commandes"},"content":{"rendered":"<div>\n<p><strong>Le Chef d\u2019\u00e9tat-major g\u00e9n\u00e9ral des arm\u00e9es, le g\u00e9n\u00e9ral de brigade, Gilbert Ou\u00e9draogo, a pr\u00e9sid\u00e9 la c\u00e9r\u00e9monie de prise de commandement de l\u2019Arm\u00e9e de l\u2019air par le colonel Souleymane Ou\u00e9draogo, le vendredi 15 octobre 2021 \u00e0 Ouagadougou.<\/strong><\/p>\n<p>L\u2019Arm\u00e9e de l\u2019air du Burkina Faso a un nouveau commandant. Il s\u2019agit du colonel, Souleymane Ou\u00e9draogo, nomm\u00e9 Chef d\u2019\u00e9tat-major de l\u2019Arm\u00e9e de l\u2019air au conseil des ministres du mercredi 6 octobre dernier. La passation de commandement est intervenue, le vendredi 15 octobre 2021, \u00e0 la Base 511 de Ouagadougou, sous la pr\u00e9sidence du Chef d\u2019\u00e9tat-major g\u00e9n\u00e9ral des arm\u00e9es (CEMGA), le g\u00e9n\u00e9ral de brigade, Gilbert Ou\u00e9draogo. Il remplace, \u00e0 ce poste le colonel major, Kounsaouma Palenfo qui y a pass\u00e9 six ans. A l\u2019endroit de son pr\u00e9d\u00e9cesseur, le colonel Souleymane Ou\u00e9draogo a rendu un vibrant hommage pour le travail abattu en faveur de l\u2019Arm\u00e9e de l\u2019air.<\/p>\n<p>Il a promis de travailler pour la consolidation de ses acquis. \u00ab Je veillerai, avec mes collaborateurs, \u00e0 poursuivre votre plan de d\u00e9veloppement de l\u2019Arm\u00e9e de l\u2019air pour l\u2019\u00e9dification d\u2019une arm\u00e9e plus r\u00e9active et efficace \u00bb, a-t-il d\u00e9clar\u00e9. En prenant le commandement dans un contexte d\u2019ins\u00e9curit\u00e9 marqu\u00e9 par les attaques terroristes, le nouveau commandant a dit mesurer \u00ab l\u2019ampleur de la t\u00e2che et la d\u00e9licatesse de la mission \u00bb.<\/p>\n<p>En effet, a reconnu le colonel Ou\u00e9draogo, les d\u00e9fis \u00e0 relever sont nombreux, au regard de l\u2019intensification des op\u00e9rations de lutte contre le terrorisme. Pour l\u2019atteinte des objectifs, il a dit compter sur l\u2019appui de ses pr\u00e9d\u00e9cesseurs et bien plus sur l\u2019ensemble des officiers, des sous-officiers et des aviateurs de l\u2019Arm\u00e9e de l\u2019air.<\/p>\n<figure id=\"attachment_40873\" aria-describedby=\"caption-attachment-40873\" style=\"width: 214px\" class=\"wp-caption alignleft\"><img decoding=\"async\" loading=\"lazy\" class=\"size-medium wp-image-40873\" src=\"https:\/\/linitiative.ca\/International\/wp-content\/uploads\/sites\/23\/2021\/10\/armee-214x300-1.gif\" alt=\"\" width=\"214\" height=\"300\" srcset=\"https:\/\/linitiative.ca\/International\/wp-content\/uploads\/sites\/23\/2021\/10\/armee-214x300-1.gif 214w, https:\/\/www.sidwaya.info\/wp-content\/uploads\/2021\/10\/armee-150x210.gif 150w, https:\/\/www.sidwaya.info\/wp-content\/uploads\/2021\/10\/armee-300x420.gif 300w\" sizes=\"auto, (max-width: 214px) 100vw, 214px\"><figcaption id=\"caption-attachment-40873\" class=\"wp-caption-text\">Le Chef d\u2019\u00e9tat-major g\u00e9n\u00e9ral des arm\u00e9es, le g\u00e9n\u00e9ral de Brigade Gilbert Ou\u00e9draogo remettant le drapeau de commandement de l\u2019Arm\u00e9e de l\u2019air \u00e0 Souleymane Ou\u00e9draogo.<\/figcaption><\/figure>\n<p>\u00ab Mon commandement mettra l\u2019accent sur la rigueur, le professionnalisme et la coll\u00e9gialit\u00e9 entre arm\u00e9es \u00bb, a soulign\u00e9 le colonel Ou\u00e9draogo. Le nouveau Chef d\u2019\u00e9tat-major de l\u2019Arm\u00e9e de l\u2019air compte mettre l\u2019accent sur la poursuite de la r\u00e9organisation des structures de l\u2019Arm\u00e9e de l\u2019air, la collaboration \u00ab \u00e9troite \u00bb avec les autres arm\u00e9es et la pr\u00e9paration op\u00e9rationnelle. \u00ab Mon g\u00e9n\u00e9ral, je voudrais vous rassurer de mon plein engagement \u00e0 tout mettre en \u0153uvre pour b\u00e2tir une Arm\u00e9e de l\u2019air comp\u00e9tente et efficace, au service du peuple burkinab\u00e8 \u00bb, s\u2019est-il engag\u00e9.<\/p>\n<p>Pour ce faire, il a appel\u00e9 ses \u00ab Hommes \u00bb \u00e0 \u00eatre toujours d\u00e9termin\u00e9s et professionnels pour relever ensemble les d\u00e9fis cruciaux du moment. N\u00e9 \u00e0 Ouagadougou le 19 septembre 1965, le colonel Souleymane Ou\u00e9draogo est Pilote-commandant de bord et Instructeur. Il totalise 3 400 heures de vol et est qualifi\u00e9 sur 15 types d\u2019a\u00e9ronefs diff\u00e9rents. Depuis 2017, il \u00e9tait le commandant adjoint du Chef d\u2019\u00e9tat-major de l\u2019Arm\u00e9e de l\u2019air.<\/p>\n<p style=\"text-align: right\"><strong>Souma\u00efla BONKOUNGOU <\/strong><\/p>\n<p>L\u2019article <a rel=\"nofollow\" href=\"https:\/\/www.sidwaya.info\/blog\/2021\/10\/17\/armee-de-lair-le-colonel-souleymane-ouedraogo-aux-commandes\/\">Arm\u00e9e de l\u2019air : Le colonel Souleymane Ou\u00e9draogo  aux commandes<\/a> est apparu en premier sur <a rel=\"nofollow\" href=\"https:\/\/www.sidwaya.info\/\">Quotidien Sidwaya<\/a>.<\/p>\n<\/div>\n<p>Auteur: JK. Sidwaya<br \/>\n<a href=\"https:\/\/www.sidwaya.info\/blog\/2021\/10\/17\/armee-de-lair-le-colonel-souleymane-ouedraogo-aux-commandes\/\">Cliquez ici pour lire l&rsquo;article depuis sa source.<\/a><\/p>\n","protected":false},"excerpt":{"rendered":"<p>Le Chef d\u2019\u00e9tat-major g\u00e9n\u00e9ral des arm\u00e9es, le g\u00e9n\u00e9ral de brigade, Gilbert Ou\u00e9draogo, a pr\u00e9sid\u00e9 la c\u00e9r\u00e9monie de prise de commandement de l\u2019Arm\u00e9e de l\u2019air par le colonel Souleymane Ou\u00e9draogo, le vendredi 15 octobre 2021 \u00e0 Ouagadougou. L\u2019Arm\u00e9e de l\u2019air du Burkina Faso a un nouveau commandant. Il s\u2019agit du colonel, Souleymane Ou\u00e9draogo, nomm\u00e9 Chef d\u2019\u00e9tat-major [&hellip;]<\/p>\n","protected":false},"author":1816,"featured_media":0,"comment_status":"closed","ping_status":"closed","sticky":false,"template":"","format":"standard","meta":{"fifu_image_url":"https:\/\/www.sidwaya.info\/wp-content\/uploads\/2021\/10\/armee-214x300.gif","fifu_image_alt":"Arm\u00e9e de l\u2019air : Le colonel Souleymane Ou\u00e9draogo  aux commandes","footnotes":""},"categories":[73,81],"tags":[],"class_list":["post-130236","post","type-post","status-publish","format-standard","hentry","category-actualite","category-burkina-faso"],"_links":{"self":[{"href":"https:\/\/linitiative.ca\/International\/wp-json\/wp\/v2\/posts\/130236","targetHints":{"allow":["GET"]}}],"collection":[{"href":"https:\/\/linitiative.ca\/International\/wp-json\/wp\/v2\/posts"}],"about":[{"href":"https:\/\/linitiative.ca\/International\/wp-json\/wp\/v2\/types\/post"}],"author":[{"embeddable":true,"href":"https:\/\/linitiative.ca\/International\/wp-json\/wp\/v2\/users\/1816"}],"replies":[{"embeddable":true,"href":"https:\/\/linitiative.ca\/International\/wp-json\/wp\/v2\/comments?post=130236"}],"version-history":[{"count":0,"href":"https:\/\/linitiative.ca\/International\/wp-json\/wp\/v2\/posts\/130236\/revisions"}],"wp:attachment":[{"href":"https:\/\/linitiative.ca\/International\/wp-json\/wp\/v2\/media?parent=130236"}],"wp:term":[{"taxonomy":"category","embeddable":true,"href":"https:\/\/linitiative.ca\/International\/wp-json\/wp\/v2\/categories?post=130236"},{"taxonomy":"post_tag","embeddable":true,"href":"https:\/\/linitiative.ca\/International\/wp-json\/wp\/v2\/tags?post=130236"}],"curies":[{"name":"wp","href":"https:\/\/api.w.org\/{rel}","templated":true}]}}