{"id":130238,"date":"2021-10-17T17:10:07","date_gmt":"2021-10-17T21:10:07","guid":{"rendered":"https:\/\/linitiative.ca\/International\/mois-du-consommer-local-perpetuer-lheritage-de-thomas-sankara\/"},"modified":"2021-10-17T17:10:07","modified_gmt":"2021-10-17T21:10:07","slug":"mois-du-consommer-local-perpetuer-lheritage-de-thomas-sankara","status":"publish","type":"post","link":"https:\/\/linitiative.ca\/International\/mois-du-consommer-local-perpetuer-lheritage-de-thomas-sankara\/","title":{"rendered":"Mois du consommer local : Perp\u00e9tuer l\u2019h\u00e9ritage de Thomas Sankara"},"content":{"rendered":"<div>\n<p><strong>Le lancement de la IIe \u00e9dition du \u00ab mois d\u2019octobre, mois du consommer local \u00bb, initi\u00e9 par l\u2019UEMOA, a eu lieu le vendredi 15 octobre 2021, \u00e0 Ouagadougou sous le th\u00e8me \u00ab Promotion du consommer local : une contribution \u00e0 la mise en \u0153uvre r\u00e9ussie de la ZLECAf \u00bb. <\/strong><\/p>\n<p>\u00abConsommons ce que nous produisons et produisons ce que nous consommons \u00bb ; \u00ab le d\u00e9veloppement sera endog\u00e8ne ou ne sera pas \u00bb. C\u2019est sous le signe de ces fortes convictions de Thomas Sankara et du Pr Joseph Ki-Zerbo que le Burkina Faso a lanc\u00e9 officiellement la IIe \u00e9dition \u00ab du mois d\u2019octobre, mois du consommer local \u00bb, initi\u00e9 par l\u2019UEMOA, le vendredi 15 octobre 2021 \u00e0 Ouagadougou.<\/p>\n<p>La c\u00e9l\u00e9bration de ce mois de valorisation et de consommation des produits nationaux a \u00e9t\u00e9 plac\u00e9e sous le th\u00e8me : \u00ab Promotion du consommer local : une contribution \u00e0 la mise en \u0153uvre r\u00e9ussie de la ZLECAf \u00bb et sous le co-parrainage de Sa Majest\u00e9 le Larl\u00e9 Naba et du pr\u00e9sident de la Chambre de commerce et d\u2019industrie du Burkina Faso (CCI-BF), Mahamadi Savadogo.<\/p>\n<p>Pour le ministre de l\u2019Industrie, du Commerce et de l\u2019Artisanat, Harouna Kabor\u00e9, le lancement national du mois du \u00ab consommer local \u00bb traduit la volont\u00e9 du gouvernement burkinab\u00e8 de b\u00e2tir son d\u00e9veloppement sur un tissu \u00e9conomique, industriel national solide. Convaincu qu\u2019il n\u2019y a pas de souverainet\u00e9 \u00e9conomique en dehors de la production et la transformation locales, le Burkina Faso, \u00e0 travers le Plan national de d\u00e9veloppement \u00e9conomique et social (PNDES) \u0153uvre \u00e0 cr\u00e9er un march\u00e9 pour les produits locaux, a-t-il indiqu\u00e9.<\/p>\n<h3>Changer de comportement<\/h3>\n<p>Cette volont\u00e9 politique s\u2019est manifest\u00e9e par un ensemble de mesures incitatives prises par le gouvernement, a poursuivi le ministre. Il s\u2019agit, entre autres, de l\u2019adoption d\u2019une strat\u00e9gie nationale d\u2019industrialisation, du code des investissements, l\u2019arr\u00eat\u00e9 portant port du Faso dan fani lors des manifestations et c\u00e9r\u00e9monies nationales, le d\u00e9cret sur le contenu local et son arr\u00eat\u00e9 d\u2019application fixant les conditions de la fourniture locale dans le secteur minier, la lab\u00e9lisation des produits \u00ab made in Burkina \u00bb, la circulaire portant sur la consommation des produits locaux par les structures publiques.<\/p>\n<p>\u00ab L\u2019ensemble de ces mesures instaur\u00e9es a permis d\u2019atteindre des r\u00e9sultats forts appr\u00e9ciables en termes d\u2019acc\u00e8s \u00e0 la commande publique des produits locaux. A titre illustratif, de 2017 \u00e0 2020, la commande publique a atteint 447 milliards F CFA aupr\u00e8s des producteurs, des transformateurs et des petites et moyennes entreprises des produits locaux \u00bb, a confi\u00e9 le ministre.<\/p>\n<h3>Maintenir le cap<\/h3>\n<figure id=\"attachment_40875\" aria-describedby=\"caption-attachment-40875\" style=\"width: 300px\" class=\"wp-caption alignleft\"><img decoding=\"async\" loading=\"lazy\" class=\"size-medium wp-image-40875\" src=\"https:\/\/linitiative.ca\/International\/wp-content\/uploads\/sites\/23\/2021\/10\/loal2-300x154-1.gif\" alt=\"\" width=\"300\" height=\"154\" srcset=\"https:\/\/linitiative.ca\/International\/wp-content\/uploads\/sites\/23\/2021\/10\/loal2-300x154-1.gif 300w, https:\/\/www.sidwaya.info\/wp-content\/uploads\/2021\/10\/loal2-768x393.gif 768w, https:\/\/www.sidwaya.info\/wp-content\/uploads\/2021\/10\/loal2-150x77.gif 150w, https:\/\/www.sidwaya.info\/wp-content\/uploads\/2021\/10\/loal2-696x356.gif 696w\" sizes=\"auto, (max-width: 300px) 100vw, 300px\"><figcaption id=\"caption-attachment-40875\" class=\"wp-caption-text\">Visite des stands d\u2019exposition et d\u00e9gustation de mets locaux ont constitu\u00e9 le dernier acte de la c\u00e9r\u00e9monie.<\/figcaption><\/figure>\n<p>Pour lui, le double contexte d\u2019av\u00e8nement de la Zone de libre-\u00e9change continentale africaine (ZLECAf) et de la COVID-19, appelle \u00e0 un imp\u00e9ratif retour \u00e0 la consommation des produits locaux et n\u00e9cessite un changement de comportement aussi bien des consommateurs que des producteurs et transformateurs. \u00ab Pour b\u00e9n\u00e9ficier des retomb\u00e9es positives de l\u2019entr\u00e9e en vigueur de la ZLECAf, nos Etats au sein de l\u2019espace UEMOA devraient disposer d\u2019outils leur permettant de conqu\u00e9rir les march\u00e9s nationaux et mieux, le march\u00e9 continental \u00bb, a rappel\u00e9 Harouna Kabor\u00e9.<\/p>\n<p>Le repr\u00e9sentant des parrains, Sa Majest\u00e9 le Larl\u00e9 Naba, a salu\u00e9 cette vision du gouvernement de placer la consommation locale au centre de ses politiques de d\u00e9veloppement. Pour lui, le choix de ce jour, 34e anniversaire du d\u00e9c\u00e8s du leader de la R\u00e9volution burkinab\u00e8, Thomas Sankara, pour lancer le mois du consommer national, est une fa\u00e7on de perp\u00e9tuer son h\u00e9ritage.<\/p>\n<p>\u00ab En d\u00e9cidant de comm\u00e9morer ce jour 15 octobre 2021, Mois du Consommer local pour la deuxi\u00e8me fois, le minist\u00e8re de l\u2019Industrie, du Commerce et de l\u2019Artisanat rend un juste hommage \u00e0 ce grand homme dont les faits et gestes nous guideront pendant encore longtemps \u00bb, s\u2019est-il r\u00e9joui. Producteurs et transformateurs de produits locaux ont \u00e9galement exprim\u00e9 leur satisfaction de voir la valorisation et la promotion de la consommation locale port\u00e9es par le politique.<\/p>\n<p>\u00ab Pendant longtemps, la consommation nationale \u00e9tait bas\u00e9e sur les produits import\u00e9s alors que nous avons des produits locaux de qualit\u00e9. Aujourd\u2019hui, cette exposition de la diversit\u00e9 et de la richesse des produits de chez nous, t\u00e9moigne du g\u00e9nie de nos producteurs et transformateurs de produits locaux \u00bb, a confi\u00e9 Blandine Bouda, promotrice d\u2019une usine de fabrication de bi\u00e8re locale ou \u00ab dolo \u00bb. Nous invitons le gouvernement \u00e0 rester dans cette lanc\u00e9e car, le \u00ab consommer local \u00bb a le double avantage de procurer de la sant\u00e9 \u00e0 la population et de contribuer \u00e0 la prosp\u00e9rit\u00e9, \u00e0 la croissance \u00e9conomique de notre pays, a-t-elle conclu.<\/p>\n<p style=\"text-align: right\"><strong>Mahamadi SEBOGO <\/strong><\/p>\n<p style=\"text-align: right\">Windmad76@gmail.com<\/p>\n<p>L\u2019article <a rel=\"nofollow\" href=\"https:\/\/www.sidwaya.info\/blog\/2021\/10\/17\/mois-du-consommer-local-perpetuer-lheritage-de-thomas-sankara\/\">Mois du consommer local : Perp\u00e9tuer l\u2019h\u00e9ritage de Thomas Sankara<\/a> est apparu en premier sur <a rel=\"nofollow\" href=\"https:\/\/www.sidwaya.info\/\">Quotidien Sidwaya<\/a>.<\/p>\n<\/div>\n<p>Auteur: JK. Sidwaya<br \/>\n<a href=\"https:\/\/www.sidwaya.info\/blog\/2021\/10\/17\/mois-du-consommer-local-perpetuer-lheritage-de-thomas-sankara\/\">Cliquez ici pour lire l&rsquo;article depuis sa source.<\/a><\/p>\n","protected":false},"excerpt":{"rendered":"<p>Le lancement de la IIe \u00e9dition du \u00ab mois d\u2019octobre, mois du consommer local \u00bb, initi\u00e9 par l\u2019UEMOA, a eu lieu le vendredi 15 octobre 2021, \u00e0 Ouagadougou sous le th\u00e8me \u00ab Promotion du consommer local : une contribution \u00e0 la mise en \u0153uvre r\u00e9ussie de la ZLECAf \u00bb. \u00abConsommons ce que nous produisons et [&hellip;]<\/p>\n","protected":false},"author":1816,"featured_media":0,"comment_status":"closed","ping_status":"closed","sticky":false,"template":"","format":"standard","meta":{"fifu_image_url":"https:\/\/www.sidwaya.info\/wp-content\/uploads\/2021\/10\/loal2-300x154.gif","fifu_image_alt":"Mois du consommer local : Perp\u00e9tuer l\u2019h\u00e9ritage de Thomas Sankara","footnotes":""},"categories":[73,81],"tags":[],"class_list":["post-130238","post","type-post","status-publish","format-standard","hentry","category-actualite","category-burkina-faso"],"_links":{"self":[{"href":"https:\/\/linitiative.ca\/International\/wp-json\/wp\/v2\/posts\/130238","targetHints":{"allow":["GET"]}}],"collection":[{"href":"https:\/\/linitiative.ca\/International\/wp-json\/wp\/v2\/posts"}],"about":[{"href":"https:\/\/linitiative.ca\/International\/wp-json\/wp\/v2\/types\/post"}],"author":[{"embeddable":true,"href":"https:\/\/linitiative.ca\/International\/wp-json\/wp\/v2\/users\/1816"}],"replies":[{"embeddable":true,"href":"https:\/\/linitiative.ca\/International\/wp-json\/wp\/v2\/comments?post=130238"}],"version-history":[{"count":0,"href":"https:\/\/linitiative.ca\/International\/wp-json\/wp\/v2\/posts\/130238\/revisions"}],"wp:attachment":[{"href":"https:\/\/linitiative.ca\/International\/wp-json\/wp\/v2\/media?parent=130238"}],"wp:term":[{"taxonomy":"category","embeddable":true,"href":"https:\/\/linitiative.ca\/International\/wp-json\/wp\/v2\/categories?post=130238"},{"taxonomy":"post_tag","embeddable":true,"href":"https:\/\/linitiative.ca\/International\/wp-json\/wp\/v2\/tags?post=130238"}],"curies":[{"name":"wp","href":"https:\/\/api.w.org\/{rel}","templated":true}]}}