{"id":130240,"date":"2021-10-17T17:16:42","date_gmt":"2021-10-17T21:16:42","guid":{"rendered":"https:\/\/linitiative.ca\/International\/methodes-contraceptives-dangereuses-leglise-catholique-sonne-lalerte\/"},"modified":"2021-10-17T17:16:42","modified_gmt":"2021-10-17T21:16:42","slug":"methodes-contraceptives-dangereuses-leglise-catholique-sonne-lalerte","status":"publish","type":"post","link":"https:\/\/linitiative.ca\/International\/methodes-contraceptives-dangereuses-leglise-catholique-sonne-lalerte\/","title":{"rendered":"M\u00e9thodes contraceptives dangereuses : L\u2019Eglise catholique sonne l\u2019alerte"},"content":{"rendered":"<div>\n<p><strong>La Conf\u00e9rence \u00e9piscopale Burkina-Niger, \u00e0 travers sa commission \u00e9piscopale de la pastorale de la sant\u00e9 a organis\u00e9, le jeudi 14 octobre 2021, \u00e0 Ouagadougou, une c\u00e9r\u00e9monie de d\u00e9dicace d\u2019une \u0153uvre litt\u00e9raire sur les dangers li\u00e9s aux m\u00e9thodes contraceptives artificielles.<\/strong><\/p>\n<p>Par le biais de sa commission \u00e9piscopale de la pastorale de la sant\u00e9, la Conf\u00e9rence \u00e9piscopale Burkina-Niger attire l\u2019attention des populations en g\u00e9n\u00e9ral et celle des fid\u00e8les catholiques en particulier, sur les dangers li\u00e9s aux m\u00e9thodes contraceptives artificielles. Et ce, \u00e0 travers une \u0153uvre litt\u00e9raire intitul\u00e9e : \u00ab Les dangers pour la sant\u00e9 des m\u00e9thodes contraceptives : une approche scientifique de la question \u00bb. La d\u00e9dicace de l\u2019ouvrage a eu lieu, le jeudi 14 octobre 2021, \u00e0 Ouagadougou.<\/p>\n<p>Selon l\u2019un des pr\u00e9sentateurs de l\u2019ouvrage, le P\u00e8re Paul Ou\u00e9draogo, ce livre est \u00e9crit dans un style simple et se lit \u00ab ais\u00e9ment \u00bb. A ses dires, publi\u00e9 dans ce mois d\u2019octobre aux \u00e9ditions Les Presses Africaines, cet ouvrage de 55 pages est structur\u00e9 en trois parties. La premi\u00e8re partie, a-t-il expliqu\u00e9, aborde le d\u00e9roulement normal du cycle de la femme. Le deuxi\u00e8me volet \u00e9voque les m\u00e9thodes contraceptives et le troisi\u00e8me, les effets secondaires des m\u00e9thodes contraceptives. Pour le Pr\u00e9sident de la commission \u00e9piscopale de la pastorale de la sant\u00e9 et par ailleurs \u00e9v\u00eaque du dioc\u00e8se de Ouahigouya, Mgr Justin Kient\u00e9ga, sa structure a constat\u00e9 qu\u2019il est propos\u00e9 et m\u00eame distribu\u00e9 gratuitement des contraceptifs artificiels masculins et f\u00e9minins comme solution aux grossesses pr\u00e9coces ou ind\u00e9sir\u00e9es. \u00ab<\/p>\n<figure id=\"attachment_40882\" aria-describedby=\"caption-attachment-40882\" style=\"width: 201px\" class=\"wp-caption alignright\"><img decoding=\"async\" loading=\"lazy\" class=\"size-medium wp-image-40882\" src=\"https:\/\/linitiative.ca\/International\/wp-content\/uploads\/sites\/23\/2021\/10\/alerte2-201x300-1.gif\" alt=\"\" width=\"201\" height=\"300\" srcset=\"https:\/\/linitiative.ca\/International\/wp-content\/uploads\/sites\/23\/2021\/10\/alerte2-201x300-1.gif 201w, https:\/\/www.sidwaya.info\/wp-content\/uploads\/2021\/10\/alerte2-150x223.gif 150w, https:\/\/www.sidwaya.info\/wp-content\/uploads\/2021\/10\/alerte2-300x447.gif 300w, https:\/\/www.sidwaya.info\/wp-content\/uploads\/2021\/10\/alerte2-282x420.gif 282w\" sizes=\"auto, (max-width: 201px) 100vw, 201px\"><figcaption id=\"caption-attachment-40882\" class=\"wp-caption-text\">Le livre intitul\u00e9 \u00ab Les dangers pour la sant\u00e9 des m\u00e9thodes contraceptives : une approche scientifique de la question \u00bb est disponible dans les paroisses au prix de 1 000 F CFA.<\/figcaption><\/figure>\n<p>Dans cette propagande, il n\u2019est nullement fait cas des \u00e9checs et des effets secondaires et n\u00e9fastes pour la sant\u00e9 \u00bb, a-t-il d\u00e9plor\u00e9. Pour lui, ce document qui est scientifique vient donc donner des \u00e9clairages sur les m\u00e9faits et les dangers des m\u00e9thodes contraceptives mises sur le march\u00e9. \u00ab Il ne s\u2019agit pas de la position de l\u2019Eglise que nous voulons publier \u00e0 travers ce document. Et ce n\u2019est pas non plus la position de l\u2019Eglise en mati\u00e8re de planning familial qui se trouve dans le document \u00bb, a-t-il insist\u00e9.<\/p>\n<p>A entendre Mgr Kient\u00e9ga, un autre document viendra donner l\u2019enseignement et les normes de l\u2019Eglise par rapport \u00e0 ces m\u00e9thodes de r\u00e9gulation des naissances. Il a relev\u00e9 que les \u00e9v\u00eaques ont le devoir d\u2019\u00e9clairer les consciences et de \u00ab dire la v\u00e9rit\u00e9 \u00bb sur ce qui se passe. \u00ab Nous esp\u00e9rons que des hommes et des femmes vont s\u2019approprier ce document \u00bb, a-t-il souhait\u00e9. L\u2019\u00e9v\u00eaque du dioc\u00e8se de Nouna, Mgr Joseph Sama, a indiqu\u00e9 que ce livre vient \u00e0 point nomm\u00e9 pour \u00ab nous soutenir dans notre devoir de proposer et de vulgariser les m\u00e9thodes naturelles pour r\u00e9guler la fertilit\u00e9 en vue de promouvoir une maternit\u00e9 responsable \u00bb.<\/p>\n<p>Pour le vice-pr\u00e9sident de la commission \u00e9piscopale Burkina-Niger, l\u2019Archev\u00eaque de Koup\u00e9la, Mgr Gabriel Sayaogo, l\u2019\u00eatre humain est cr\u00e9\u00e9 \u00e0 l\u2019image de Dieu et la vie humaine est sacr\u00e9e. A l\u2019entendre, la publication de ce document intervient apr\u00e8s une lettre pastorale adress\u00e9e aux filles et fils de l\u2019Eglise-Famille de Dieu au Burkina Faso et au Niger. L\u2019objet de cette lettre, a-t-il rappel\u00e9, est une promotion authentique du droit \u00e0 la vie selon le dessein de Dieu. Le livre est disponible dans les paroisses au prix de 1 000 F CFA.<\/p>\n<p style=\"text-align: right\"><strong>Timoth\u00e9e SOME<\/strong><\/p>\n<p style=\"text-align: right\">timothesom@yahoo.fr<\/p>\n<p>L\u2019article <a rel=\"nofollow\" href=\"https:\/\/www.sidwaya.info\/blog\/2021\/10\/17\/methodes-contraceptives-dangereuses-leglise-catholique-sonne-lalerte\/\">M\u00e9thodes contraceptives dangereuses : L\u2019Eglise catholique sonne l\u2019alerte<\/a> est apparu en premier sur <a rel=\"nofollow\" href=\"https:\/\/www.sidwaya.info\/\">Quotidien Sidwaya<\/a>.<\/p>\n<\/div>\n<p>Auteur: JK. Sidwaya<br \/>\n<a href=\"https:\/\/www.sidwaya.info\/blog\/2021\/10\/17\/methodes-contraceptives-dangereuses-leglise-catholique-sonne-lalerte\/\">Cliquez ici pour lire l&rsquo;article depuis sa source.<\/a><\/p>\n","protected":false},"excerpt":{"rendered":"<p>La Conf\u00e9rence \u00e9piscopale Burkina-Niger, \u00e0 travers sa commission \u00e9piscopale de la pastorale de la sant\u00e9 a organis\u00e9, le jeudi 14 octobre 2021, \u00e0 Ouagadougou, une c\u00e9r\u00e9monie de d\u00e9dicace d\u2019une \u0153uvre litt\u00e9raire sur les dangers li\u00e9s aux m\u00e9thodes contraceptives artificielles. Par le biais de sa commission \u00e9piscopale de la pastorale de la sant\u00e9, la Conf\u00e9rence \u00e9piscopale [&hellip;]<\/p>\n","protected":false},"author":1816,"featured_media":0,"comment_status":"closed","ping_status":"closed","sticky":false,"template":"","format":"standard","meta":{"fifu_image_url":"https:\/\/www.sidwaya.info\/wp-content\/uploads\/2021\/10\/alerte2-201x300.gif","fifu_image_alt":"M\u00e9thodes contraceptives dangereuses : L\u2019Eglise catholique sonne l\u2019alerte","footnotes":""},"categories":[73,81],"tags":[],"class_list":["post-130240","post","type-post","status-publish","format-standard","hentry","category-actualite","category-burkina-faso"],"_links":{"self":[{"href":"https:\/\/linitiative.ca\/International\/wp-json\/wp\/v2\/posts\/130240","targetHints":{"allow":["GET"]}}],"collection":[{"href":"https:\/\/linitiative.ca\/International\/wp-json\/wp\/v2\/posts"}],"about":[{"href":"https:\/\/linitiative.ca\/International\/wp-json\/wp\/v2\/types\/post"}],"author":[{"embeddable":true,"href":"https:\/\/linitiative.ca\/International\/wp-json\/wp\/v2\/users\/1816"}],"replies":[{"embeddable":true,"href":"https:\/\/linitiative.ca\/International\/wp-json\/wp\/v2\/comments?post=130240"}],"version-history":[{"count":0,"href":"https:\/\/linitiative.ca\/International\/wp-json\/wp\/v2\/posts\/130240\/revisions"}],"wp:attachment":[{"href":"https:\/\/linitiative.ca\/International\/wp-json\/wp\/v2\/media?parent=130240"}],"wp:term":[{"taxonomy":"category","embeddable":true,"href":"https:\/\/linitiative.ca\/International\/wp-json\/wp\/v2\/categories?post=130240"},{"taxonomy":"post_tag","embeddable":true,"href":"https:\/\/linitiative.ca\/International\/wp-json\/wp\/v2\/tags?post=130240"}],"curies":[{"name":"wp","href":"https:\/\/api.w.org\/{rel}","templated":true}]}}