{"id":130242,"date":"2021-10-17T17:19:57","date_gmt":"2021-10-17T21:19:57","guid":{"rendered":"https:\/\/linitiative.ca\/International\/cooperation-burkina-niger-le-president-mohamed-bazoum-en-visite-de-travail\/"},"modified":"2021-10-17T17:19:57","modified_gmt":"2021-10-17T21:19:57","slug":"cooperation-burkina-niger-le-president-mohamed-bazoum-en-visite-de-travail","status":"publish","type":"post","link":"https:\/\/linitiative.ca\/International\/cooperation-burkina-niger-le-president-mohamed-bazoum-en-visite-de-travail\/","title":{"rendered":"Coop\u00e9ration Burkina-Niger : Le pr\u00e9sident Mohamed Bazoum, en visite de travail"},"content":{"rendered":"<div>\n<p><strong>Le Pr\u00e9sident du Niger, Mohamed Bazoum est arriv\u00e9 hier dimanche 17 octobre 2021 \u00e0 Ouagadougou pour une s\u00e9ance de travail de 48 heures. Il a \u00e9t\u00e9 accueilli par son homologue burkinab\u00e8 Roch Marc Christian Kabor\u00e9 \u00e0 l\u2019a\u00e9roport international de Ouagadougou. <\/strong><\/p>\n<p>Le Pr\u00e9sident du Niger, Mohamed Bazoum est au Burkina Faso dans le cadre de la coop\u00e9ration bilat\u00e9rale entre les deux pays. Son avion a atterri hier dimanche \u00e0 16 heures 00 sur le tarmac de l\u2019a\u00e9roport international de Ouagadougou. Accompagn\u00e9 par une forte d\u00e9l\u00e9gation, le Chef de l\u2019Etat nig\u00e9rien a \u00e9t\u00e9 accueilli par le Pr\u00e9sident du Faso, Roch Marc Christian Kabor\u00e9. Apr\u00e8s les salutations d\u2019usage, les deux chefs d\u2019Etat se sont inclin\u00e9s devant les couleurs nationales des deux pays avec en toile de fond les hymnes nationaux des deux pays.<\/p>\n<p>Pass\u00e9e cette \u00e9tape, les deux personnalit\u00e9s ont pris un bain de foule compos\u00e9e essentiellement de la communaut\u00e9 nig\u00e9rienne r\u00e9sidente au pays des Hommes int\u00e8gres. A la suite de cette interaction avec les fr\u00e8res et s\u0153urs nig\u00e9riens, les deux chefs d\u2019Etat se sont retrouv\u00e9s dans le salon d\u2019honneur de l\u2019a\u00e9roport o\u00f9 ils ont eu des \u00e9changes de quelques minutes avant que le cort\u00e8ge pr\u00e9sidentiel ne s\u2019\u00e9branle pour le pied \u00e0 terre de l\u2019h\u00f4te nig\u00e9rien.<\/p>\n<p>En visite de 48 heures au Burkina pour une s\u00e9ance de travail, Mohamed Bazoum sera re\u00e7u ce lundi 18 octobre 2021 en d\u00e9but de matin\u00e9e au palais de Kosyam pour une rencontre autour de la coop\u00e9ration bilat\u00e9rale entre le Niger et le Burkina Faso. Mohamed Bazoum, n\u00e9 le 1er janvier 1960 est le nouveau pr\u00e9sident du Niger depuis le 2 avril 2021. Il a \u00e9t\u00e9 ministre d\u2019Etat, ministre de l\u2019Int\u00e9rieur, de la S\u00e9curit\u00e9 publique, de la D\u00e9centralisation et des Affaires coutumi\u00e8res et religieuses du 12 avril 2016 au 29 juin 2020.<\/p>\n<p style=\"text-align: right\"><strong>Abdoulaye BALBONE<\/strong><\/p>\n<p>L\u2019article <a rel=\"nofollow\" href=\"https:\/\/www.sidwaya.info\/blog\/2021\/10\/17\/cooperation-burkina-niger-le-president-mohamed-bazoum-en-visite-de-travail\/\">Coop\u00e9ration Burkina-Niger : Le pr\u00e9sident Mohamed Bazoum, en visite de travail<\/a> est apparu en premier sur <a rel=\"nofollow\" href=\"https:\/\/www.sidwaya.info\/\">Quotidien Sidwaya<\/a>.<\/p>\n<\/div>\n<p>Auteur: JK. Sidwaya<br \/>\n<a href=\"https:\/\/www.sidwaya.info\/blog\/2021\/10\/17\/cooperation-burkina-niger-le-president-mohamed-bazoum-en-visite-de-travail\/\">Cliquez ici pour lire l&rsquo;article depuis sa source.<\/a><\/p>\n","protected":false},"excerpt":{"rendered":"<p>Le Pr\u00e9sident du Niger, Mohamed Bazoum est arriv\u00e9 hier dimanche 17 octobre 2021 \u00e0 Ouagadougou pour une s\u00e9ance de travail de 48 heures. Il a \u00e9t\u00e9 accueilli par son homologue burkinab\u00e8 Roch Marc Christian Kabor\u00e9 \u00e0 l\u2019a\u00e9roport international de Ouagadougou. Le Pr\u00e9sident du Niger, Mohamed Bazoum est au Burkina Faso dans le cadre de la [&hellip;]<\/p>\n","protected":false},"author":1816,"featured_media":0,"comment_status":"closed","ping_status":"closed","sticky":false,"template":"","format":"standard","meta":{"fifu_image_url":"","fifu_image_alt":"","footnotes":""},"categories":[73,81],"tags":[],"class_list":["post-130242","post","type-post","status-publish","format-standard","hentry","category-actualite","category-burkina-faso"],"_links":{"self":[{"href":"https:\/\/linitiative.ca\/International\/wp-json\/wp\/v2\/posts\/130242","targetHints":{"allow":["GET"]}}],"collection":[{"href":"https:\/\/linitiative.ca\/International\/wp-json\/wp\/v2\/posts"}],"about":[{"href":"https:\/\/linitiative.ca\/International\/wp-json\/wp\/v2\/types\/post"}],"author":[{"embeddable":true,"href":"https:\/\/linitiative.ca\/International\/wp-json\/wp\/v2\/users\/1816"}],"replies":[{"embeddable":true,"href":"https:\/\/linitiative.ca\/International\/wp-json\/wp\/v2\/comments?post=130242"}],"version-history":[{"count":0,"href":"https:\/\/linitiative.ca\/International\/wp-json\/wp\/v2\/posts\/130242\/revisions"}],"wp:attachment":[{"href":"https:\/\/linitiative.ca\/International\/wp-json\/wp\/v2\/media?parent=130242"}],"wp:term":[{"taxonomy":"category","embeddable":true,"href":"https:\/\/linitiative.ca\/International\/wp-json\/wp\/v2\/categories?post=130242"},{"taxonomy":"post_tag","embeddable":true,"href":"https:\/\/linitiative.ca\/International\/wp-json\/wp\/v2\/tags?post=130242"}],"curies":[{"name":"wp","href":"https:\/\/api.w.org\/{rel}","templated":true}]}}