{"id":130245,"date":"2021-10-16T21:18:02","date_gmt":"2021-10-17T01:18:02","guid":{"rendered":"https:\/\/linitiative.ca\/International\/cote-divoire-les-acteurs-frontaliers-plaident-pour-la-reouverture-des-frontieres\/"},"modified":"2021-10-16T21:18:02","modified_gmt":"2021-10-17T01:18:02","slug":"cote-divoire-les-acteurs-frontaliers-plaident-pour-la-reouverture-des-frontieres","status":"publish","type":"post","link":"https:\/\/linitiative.ca\/International\/cote-divoire-les-acteurs-frontaliers-plaident-pour-la-reouverture-des-frontieres\/","title":{"rendered":"C\u00f4te d\u2019Ivoire: les acteurs frontaliers plaident pour la r\u00e9ouverture des fronti\u00e8res"},"content":{"rendered":"<div>\n<p><img loading=\"lazy\" decoding=\"async\" width=\"448\" height=\"299\" src=\"https:\/\/linitiative.ca\/International\/wp-content\/uploads\/sites\/23\/2021\/10\/16344334821605.jpg\" class=\"attachment-post-thumbnail size-post-thumbnail wp-post-image\" alt=\"\" srcset=\"https:\/\/linitiative.ca\/International\/wp-content\/uploads\/sites\/23\/2021\/10\/16344334821605.jpg 448w, https:\/\/www.journalducameroun.com\/wp-content\/uploads\/2021\/10\/16344334821605-300x200.jpg 300w\" sizes=\"auto, (max-width: 448px) 100vw, 448px\"><\/p>\n<p>Les acteurs frontaliers ont plaid\u00e9, samedi, \u00e0 Korhogo (633 km au nord d&rsquo;Abidjan) pour la r\u00e9ouverture des fronti\u00e8res ivoiriennes.<\/p>\n<p>Quelque cent vingt-et-un acteurs frontaliers r\u00e9partis dans trois commissions ont fait ce plaidoyer en s\u00e9ance pl\u00e9ni\u00e8re \u00e0 l&rsquo;issue de l&rsquo;\u00e9tape de Korhogo des at\u00e9liers r\u00e9gionaux organis\u00e9s dans le pays pour l&rsquo;\u00e9laboration de la politique nationale de gestion int\u00e9gr\u00e9e des fronti\u00e8res de la C\u00f4te d&rsquo;Ivoire (PNGIF-CI).<\/p>\n<p>A l&rsquo;instar de plusieurs pays de la sous-r\u00e9gion, la C\u00f4te d&rsquo;Ivoire a ferm\u00e9 ses fronti\u00e8res terrestres le 13 mars 2020, deux jours apr\u00e8s la notification de son premier cas de la maladie \u00e0 coronavirus (Covid-19). Depuis lors, les fronti\u00e8res terrestres du pays restent officiellement ferm\u00e9es.<\/p>\n<p>La pr\u00e9vention des conflits, la s\u00e9curit\u00e9 des fronti\u00e8res et des espaces frontaliers ainsi que la mobilit\u00e9 et la migration ont \u00e9t\u00e9 au menu des travaux de la commission 1.<\/p>\n<p>\u00ab Nous avons fait des propositions pour qu&rsquo;elles soient prises en compte par les autorit\u00e9s gouvernementales, pour qu&rsquo;il y ait une paix durable\u00bb a d\u00e9clar\u00e9 le pr\u00e9sident de cette commission, Diomand\u00e9 Fangbeu Aim\u00e9, par ailleurs sous-pr\u00e9fet de Goulia dans le d\u00e9partement de Kaniasso, dans la r\u00e9gion du Folon (Minignan).<\/p>\n<p>\u00ab Le plaidoyer a commenc\u00e9 parce que \u00a0le Secr\u00e9tariat ex\u00e9cutif de la Commission nationale des fronti\u00e8res de la C\u00f4te d&rsquo;Ivoire a d\u00e9j\u00e0 d\u00e9pos\u00e9 un dossier relatif \u00e0 la r\u00e9ouverture des fronti\u00e8res sur la table du Premier ministre qui est le pr\u00e9sident de la Commission nationale des fronti\u00e8res \u00bb, a rench\u00e9ri le Secr\u00e9taire ex\u00e9cutif de la Commission nationale des fronti\u00e8res de C\u00f4te d&rsquo;Ivoire (CNFCI), Diakalidia Konat\u00e9.\u00a0<\/p>\n<p>\u00ab Nous avons particip\u00e9 personnellement \u00e0 un atelier de la CEDEAO sur les modalit\u00e9s pratiques de la r\u00e9ouverture des fronti\u00e8res. Je suis invit\u00e9 dans la premi\u00e8re semaine du mois de novembre \u00e0 un atelier \u00e0 Accra sur la r\u00e9ouverture des fronti\u00e8res initi\u00e9 par la CEDEAO. Donc, nous sommes dans cette dynamique \u00bb, a-t-il poursuivi.<\/p>\n<p>\u00ab La CEDEAO lors de sa derni\u00e8re r\u00e9union a commis certaines autorit\u00e9s \u00a0minist\u00e9rielles \u00e0 l&rsquo;effet d&rsquo;examiner les modalit\u00e9s pratiques de la r\u00e9ouverture \u00bb, a rappel\u00e9 M. Konat\u00e9, ajoutant que \u00abcette r\u00e9ouverture se fera s\u00fbrement \u00bb.<\/p>\n<p>Au niveau de la migration, les participants \u00e0 l&rsquo;atelier de Korhogo ont constat\u00e9 un v\u00e9ritable flux migratoire. \u00ab Nous avons constat\u00e9 qu&rsquo;il y a beaucoup de migrations vers la C\u00f4te d&rsquo;Ivoire venant des pays comme la Guin\u00e9e, le Mali et le Burkina Faso \u00bb, a dit le sous-pr\u00e9fet, Diomand\u00e9 Fangbeu Aim\u00e9.<\/p>\n<p>\u00ab Ce n&rsquo;est pas une mauvaise chose en soi, mais il faudrait que cela soit harmonis\u00e9. \u00a0Que ceux qui viennent empruntent la voie normale et les documents administratifs normaux \u00bb, a-t-il lanc\u00e9, ajoutant que \u00ab nous avons aussi d\u00e9cri\u00e9 certaines voies de contournement \u00bb.<\/p>\n<p>\u00ab Quand quelqu&rsquo;un vient et il n&rsquo;est pas en r\u00e8gle et que vous le retourner, il peut se sentir frustr\u00e9 et il peut utiliser des m\u00e9thodes pas trop saines pour apporter \u00a0atteinte \u00e0 la s\u00e9curit\u00e9 transfrontali\u00e8re \u00bb, a expliqu\u00e9 M. Diomand\u00e9 qui note des \u00ab probl\u00e8mes multiples et vari\u00e9s \u00bb dans les espaces frontaliers.\u00a0<\/p>\n<p>A ce propos, les acteurs frontaliers ont appel\u00e9 \u00e0 la d\u00e9limitation des fronti\u00e8res. \u00ab Nous pensons que la d\u00e9limitation fera que chacun saura prendre ses responsabilit\u00e9s pour bien accueillir son voisin. Nous souhaitons que les fronti\u00e8res soient visibles pour \u00e9viter les conflits \u00bb, a conclu le pr\u00e9sident de la commission 1.<\/p>\n<p>Dressant le bilan de cet atelier, le Secr\u00e9taire ex\u00e9cutif de la CNFCI, s&rsquo;est f\u00e9licit\u00e9 des r\u00e9sultats auxquels sont parvenus les participants. \u00ab Le bilan est largement positif parce que la mobilisation \u00e9tait au rendez-vous. Cet atelier a permis \u00e0 tous les acteurs frontaliers \u00e9tatiques et non \u00e9tatiques d&rsquo;\u00eatre au rendez-vous\u00bb, a expliqu\u00e9 Diakalidia Konat\u00e9.<\/p>\n<p>\u00ab Les r\u00e9pertoires des difficult\u00e9s des probl\u00e8mes qui ont \u00e9t\u00e9 \u00e9tablis ici par chaque commission d\u00e9montrent que nous sommes all\u00e9s sur les v\u00e9ritables probl\u00e8mes que vivent les populations aux fronti\u00e8res \u00bb, a-t-il indiqu\u00e9, soulignant que ces \u00ab probl\u00e8mes sont d&rsquo;ordre institutionnel, et non institutionnel \u00bb.<\/p>\n<p>Les probl\u00e8mes de coop\u00e9ration avec le voisin, les probl\u00e8mes li\u00e9s \u00e0 la transhumance, \u00e0 l&rsquo;orpaillage, \u00e0 l&rsquo;extr\u00e9misme violent ont \u00e9t\u00e9 \u00e9galement abord\u00e9s.<\/p>\n<p>Apr\u00e8s les ateliers r\u00e9gionaux, il aura un temps de travail de cabinet qui va durer jusqu&rsquo;au mois de mars, ponctu\u00e9 par des \u00e9tapes de pr\u00e9-validation et de validation.<\/p>\n<p>\u00ab Apr\u00e8s cela, nous irons \u00e0 un atelier national de validation de cette politique pour qu&rsquo;au mois de mai-juin, nous puissions d\u00e9poser le document sur la table du gouvernement \u00bb, a ajout\u00e9 M. Konat\u00e9, admettant que \u00ab le travail de collecte de donn\u00e9es sur le terrain est un travail tr\u00e8s minutieux \u00bb.<\/p>\n<p>Ces ateliers r\u00e9gionaux pr\u00e9vus du 13 au 27 octobre 2021 se tiennent \u00e0 Abidjan (Sud), Abengourou (Est), Korhogo (Nord) et Man (Ouest).<\/p>\n<p>La Politique nationale de gestion int\u00e9gr\u00e9e des fronti\u00e8res terrestres, a\u00e9riennes et maritimes de la C\u00f4te d&rsquo;Ivoire vise \u00e0 transformer les zones frontali\u00e8res en des espaces o\u00f9 les acteurs \u00e9tatiques et non \u00e9tatiques interagissent de fa\u00e7on harmonieuse, au plan national d&rsquo;une part, et avec leurs homologues des pays limitrophes d&rsquo;autre part, o\u00f9 la gestion des ressources naturelles partag\u00e9es est b\u00e9n\u00e9fique et durable pour le bien des populations.<\/p>\n<p>Tout cela, en vue de faire de la coop\u00e9ration transfrontali\u00e8re, un levier essentiel de s\u00e9curit\u00e9, de coh\u00e9sion sociale et de paix, de gestion durable des ressources naturelles et de d\u00e9veloppement socio-\u00e9conomique v\u00e9ritable des espaces frontaliers et transfrontaliers.<\/p>\n<p>Les autorit\u00e9s pr\u00e9fectorales, administratives ainsi que les \u00e9lus locaux des zones frontali\u00e8res, les forces de d\u00e9fense et de s\u00e9curit\u00e9, les services techniques (sant\u00e9, \u00e9ducation, agriculture, \u00e9levage, \u00e9nergie\u2026), les leaders communautaires des zones frontali\u00e8res, le secteur priv\u00e9 \u00e0 travers la Chambre du commerce et des organisations de la soci\u00e9t\u00e9 civile prennent part \u00e0 ces ateliers.<\/p>\n<p>\u00a0La Politique nationale de gestion int\u00e9gr\u00e9e des fronti\u00e8res de la C\u00f4te d&rsquo;Ivoire, vise \u00e0 doter le pays d&rsquo;un \u00aboutil de cadrage et de pilotage en mati\u00e8re de gouvernance des fronti\u00e8res, en vue de permettre \u00e0 la C\u00f4te d&rsquo;Ivoire d&rsquo;aborder un nouveau virage dans l&rsquo;approche et la gestion de ses fronti\u00e8res terrestres, a\u00e9riennes et maritimes \u00bb.<\/p>\n<p>Cet article <a rel=\"nofollow\" href=\"https:\/\/www.journalducameroun.com\/cote-divoire-les-acteurs-frontaliers-plaident-pour-la-reouverture-des-frontieres\/\">C\u00f4te d\u2019Ivoire: les acteurs frontaliers plaident pour la r\u00e9ouverture des fronti\u00e8res<\/a> est apparu en premier sur <a rel=\"nofollow\" href=\"https:\/\/www.journalducameroun.com\/\">Journal du Cameroun<\/a>.<\/p>\n<\/div>\n<p>Auteur: APA News<br \/>\n<a href=\"https:\/\/www.journalducameroun.com\/cote-divoire-les-acteurs-frontaliers-plaident-pour-la-reouverture-des-frontieres\/\">Cliquez ici pour lire l&rsquo;article depuis sa source.<\/a><\/p>\n","protected":false},"excerpt":{"rendered":"<p>Les acteurs frontaliers ont plaid\u00e9, samedi, \u00e0 Korhogo (633 km au nord d&rsquo;Abidjan) pour la r\u00e9ouverture des fronti\u00e8res ivoiriennes. Quelque cent vingt-et-un acteurs frontaliers r\u00e9partis dans trois commissions ont fait ce plaidoyer en s\u00e9ance pl\u00e9ni\u00e8re \u00e0 l&rsquo;issue de l&rsquo;\u00e9tape de Korhogo des at\u00e9liers r\u00e9gionaux organis\u00e9s dans le pays pour l&rsquo;\u00e9laboration de la politique nationale de [&hellip;]<\/p>\n","protected":false},"author":1965,"featured_media":0,"comment_status":"closed","ping_status":"closed","sticky":false,"template":"","format":"standard","meta":{"fifu_image_url":"https:\/\/www.journalducameroun.com\/wp-content\/uploads\/2021\/10\/16344334821605.jpg","fifu_image_alt":"C\u00f4te d\u2019Ivoire: les acteurs frontaliers plaident pour la r\u00e9ouverture des fronti\u00e8res","footnotes":""},"categories":[73,82],"tags":[],"class_list":["post-130245","post","type-post","status-publish","format-standard","hentry","category-actualite","category-cameroun"],"_links":{"self":[{"href":"https:\/\/linitiative.ca\/International\/wp-json\/wp\/v2\/posts\/130245","targetHints":{"allow":["GET"]}}],"collection":[{"href":"https:\/\/linitiative.ca\/International\/wp-json\/wp\/v2\/posts"}],"about":[{"href":"https:\/\/linitiative.ca\/International\/wp-json\/wp\/v2\/types\/post"}],"author":[{"embeddable":true,"href":"https:\/\/linitiative.ca\/International\/wp-json\/wp\/v2\/users\/1965"}],"replies":[{"embeddable":true,"href":"https:\/\/linitiative.ca\/International\/wp-json\/wp\/v2\/comments?post=130245"}],"version-history":[{"count":0,"href":"https:\/\/linitiative.ca\/International\/wp-json\/wp\/v2\/posts\/130245\/revisions"}],"wp:attachment":[{"href":"https:\/\/linitiative.ca\/International\/wp-json\/wp\/v2\/media?parent=130245"}],"wp:term":[{"taxonomy":"category","embeddable":true,"href":"https:\/\/linitiative.ca\/International\/wp-json\/wp\/v2\/categories?post=130245"},{"taxonomy":"post_tag","embeddable":true,"href":"https:\/\/linitiative.ca\/International\/wp-json\/wp\/v2\/tags?post=130245"}],"curies":[{"name":"wp","href":"https:\/\/api.w.org\/{rel}","templated":true}]}}