{"id":130247,"date":"2021-10-16T23:10:43","date_gmt":"2021-10-17T03:10:43","guid":{"rendered":"https:\/\/linitiative.ca\/International\/cameroun-huit-nouveaux-generateurs-de-dialyse-pour-lhopital-general-de-douala\/"},"modified":"2021-10-16T23:10:43","modified_gmt":"2021-10-17T03:10:43","slug":"cameroun-huit-nouveaux-generateurs-de-dialyse-pour-lhopital-general-de-douala","status":"publish","type":"post","link":"https:\/\/linitiative.ca\/International\/cameroun-huit-nouveaux-generateurs-de-dialyse-pour-lhopital-general-de-douala\/","title":{"rendered":"Cameroun : huit nouveaux g\u00e9n\u00e9rateurs de dialyse pour l\u2019H\u00f4pital g\u00e9n\u00e9ral de Douala"},"content":{"rendered":"<div>\n<p><img loading=\"lazy\" decoding=\"async\" width=\"720\" height=\"323\" src=\"https:\/\/linitiative.ca\/International\/wp-content\/uploads\/sites\/23\/2021\/10\/FB_IMG_1634357882855.jpg\" class=\"attachment-post-thumbnail size-post-thumbnail wp-post-image\" alt=\"\" srcset=\"https:\/\/linitiative.ca\/International\/wp-content\/uploads\/sites\/23\/2021\/10\/FB_IMG_1634357882855.jpg 720w, https:\/\/www.journalducameroun.com\/wp-content\/uploads\/2021\/10\/FB_IMG_1634357882855-300x135.jpg 300w, https:\/\/www.journalducameroun.com\/wp-content\/uploads\/2021\/10\/FB_IMG_1634357882855-600x269.jpg 600w\" sizes=\"auto, (max-width: 720px) 100vw, 720px\"><\/p>\n<h5 id=\"m_-4675912913583120976yMail_cursorElementTracker_1634357371650\" style=\"text-align: justify;\">Ils ont \u00e9t\u00e9 inaugur\u00e9s le 15 octobre 2021 par le ministre de la Sant\u00e9 publique, Malachie Manaouda.<\/h5>\n<div id=\"m_-4675912913583120976yMail_cursorElementTracker_1634358019452\" style=\"text-align: justify;\"><\/div>\n<div id=\"m_-4675912913583120976yMail_cursorElementTracker_1634358020343\" style=\"text-align: justify;\"><\/div>\n<div id=\"m_-4675912913583120976yMail_cursorElementTracker_1634357909043\" style=\"text-align: justify;\"><\/div>\n<div style=\"text-align: justify;\"><\/div>\n<div id=\"m_-4675912913583120976yMail_cursorElementTracker_1634357909043\" style=\"text-align: justify;\">Bouff\u00e9e d&rsquo;oxyg\u00e8ne pour les patients souffrant d&rsquo;insuffisance r\u00e9nale dans la ville de Douala. Le ministre de la sant\u00e9 vient de doter cette formationl&rsquo;H\u00f4pital g\u00e9n\u00e9ral de premi\u00e8re cat\u00e9gorie d&rsquo;un ensemble d&rsquo;\u00e9quipements hautement performants pour faire face \u00e0 la prise en charge des patients dits h\u00e9modialys\u00e9s.<\/div>\n<div id=\"m_-4675912913583120976yMail_cursorElementTracker_1634357561850\" style=\"text-align: justify;\"><\/div>\n<div id=\"m_-4675912913583120976yMail_cursorElementTracker_1634357495645\" style=\"text-align: justify;\">Au cours de la c\u00e9r\u00e9monie d&rsquo;inauguration de ces acquisitions au b\u00e9n\u00e9fice de l&rsquo;H\u00f4pital g\u00e9n\u00e9ral de Douala, qui s&rsquo;est tenue le 15 octobre au sein dudit h\u00f4pital, la jeune NGUEOCHI Maurelle, 18 ans, et h\u00e9modialys\u00e9\u00a0 chronique depuis 9 ans, a\u00a0 dit \u00eatre conscient des efforts consentis par l&rsquo;Etat camerounais pour am\u00e9liorer le quotidien des patients h\u00e9modialys\u00e9s.\u00a0 Elle a tout de m\u00eame souhait\u00e9 au nom de tous les patients de l&rsquo;H\u00f4pital g\u00e9n\u00e9ral de Douala,\u00a0 la gratuit\u00e9 de la prise en charge pour les enfants, et\u00a0 le d\u00e9marrage de la transplantation r\u00e9nale au Cameroun.<\/div>\n<div style=\"text-align: justify;\"><\/div>\n<div style=\"text-align: justify;\">Le Pr Luma, Directeur g\u00e9n\u00e9ral s&rsquo;est pour sa part f\u00e9licit\u00e9 de cet accompagnement du gouvernement. Il a par ailleurs indiqu\u00e9\u00a0 que son h\u00f4pital est pr\u00eat pour la Coupe d&rsquo;Afrique des nations.<\/div>\n<div style=\"text-align: justify;\"><\/div>\n<div style=\"text-align: justify;\">Et que dans un avenir proche, tous les \u00e9quipements de radioth\u00e9rapie seront remplac\u00e9s avec le concours de l&rsquo;Agence internationale\u00a0 d&rsquo;Energie atomique.<\/div>\n<p>Cet article <a rel=\"nofollow\" href=\"https:\/\/www.journalducameroun.com\/cameroun-huit-nouveaux-generateurs-de-dialyse-pour-lhopital-general-de-douala\/\">Cameroun : huit nouveaux g\u00e9n\u00e9rateurs de dialyse pour l\u2019H\u00f4pital g\u00e9n\u00e9ral de Douala<\/a> est apparu en premier sur <a rel=\"nofollow\" href=\"https:\/\/www.journalducameroun.com\/\">Journal du Cameroun<\/a>.<\/p>\n<\/div>\n<p>Auteur: Christian DJIMADEU<br \/>\n<a href=\"https:\/\/www.journalducameroun.com\/cameroun-huit-nouveaux-generateurs-de-dialyse-pour-lhopital-general-de-douala\/\">Cliquez ici pour lire l&rsquo;article depuis sa source.<\/a><\/p>\n","protected":false},"excerpt":{"rendered":"<p>Ils ont \u00e9t\u00e9 inaugur\u00e9s le 15 octobre 2021 par le ministre de la Sant\u00e9 publique, Malachie Manaouda. Bouff\u00e9e d&rsquo;oxyg\u00e8ne pour les patients souffrant d&rsquo;insuffisance r\u00e9nale dans la ville de Douala. Le ministre de la sant\u00e9 vient de doter cette formationl&rsquo;H\u00f4pital g\u00e9n\u00e9ral de premi\u00e8re cat\u00e9gorie d&rsquo;un ensemble d&rsquo;\u00e9quipements hautement performants pour faire face \u00e0 la prise [&hellip;]<\/p>\n","protected":false},"author":1965,"featured_media":0,"comment_status":"closed","ping_status":"closed","sticky":false,"template":"","format":"standard","meta":{"fifu_image_url":"https:\/\/www.journalducameroun.com\/wp-content\/uploads\/2021\/10\/FB_IMG_1634357882855.jpg","fifu_image_alt":"Cameroun : huit nouveaux g\u00e9n\u00e9rateurs de dialyse pour l\u2019H\u00f4pital g\u00e9n\u00e9ral de Douala","footnotes":""},"categories":[73,82],"tags":[],"class_list":["post-130247","post","type-post","status-publish","format-standard","hentry","category-actualite","category-cameroun"],"_links":{"self":[{"href":"https:\/\/linitiative.ca\/International\/wp-json\/wp\/v2\/posts\/130247","targetHints":{"allow":["GET"]}}],"collection":[{"href":"https:\/\/linitiative.ca\/International\/wp-json\/wp\/v2\/posts"}],"about":[{"href":"https:\/\/linitiative.ca\/International\/wp-json\/wp\/v2\/types\/post"}],"author":[{"embeddable":true,"href":"https:\/\/linitiative.ca\/International\/wp-json\/wp\/v2\/users\/1965"}],"replies":[{"embeddable":true,"href":"https:\/\/linitiative.ca\/International\/wp-json\/wp\/v2\/comments?post=130247"}],"version-history":[{"count":0,"href":"https:\/\/linitiative.ca\/International\/wp-json\/wp\/v2\/posts\/130247\/revisions"}],"wp:attachment":[{"href":"https:\/\/linitiative.ca\/International\/wp-json\/wp\/v2\/media?parent=130247"}],"wp:term":[{"taxonomy":"category","embeddable":true,"href":"https:\/\/linitiative.ca\/International\/wp-json\/wp\/v2\/categories?post=130247"},{"taxonomy":"post_tag","embeddable":true,"href":"https:\/\/linitiative.ca\/International\/wp-json\/wp\/v2\/tags?post=130247"}],"curies":[{"name":"wp","href":"https:\/\/api.w.org\/{rel}","templated":true}]}}