{"id":130249,"date":"2021-10-17T00:14:09","date_gmt":"2021-10-17T04:14:09","guid":{"rendered":"https:\/\/linitiative.ca\/International\/cameroun-lex-gardien-joseph-antoine-bell-apprend-au-sg-de-la-presidence-comment-marquer-un-but\/"},"modified":"2021-10-17T00:14:09","modified_gmt":"2021-10-17T04:14:09","slug":"cameroun-lex-gardien-joseph-antoine-bell-apprend-au-sg-de-la-presidence-comment-marquer-un-but","status":"publish","type":"post","link":"https:\/\/linitiative.ca\/International\/cameroun-lex-gardien-joseph-antoine-bell-apprend-au-sg-de-la-presidence-comment-marquer-un-but\/","title":{"rendered":"Cameroun : l\u2019ex gardien Joseph Antoine Bell apprend au SG de la pr\u00e9sidence comment marquer un but"},"content":{"rendered":"<div>\n<p><img loading=\"lazy\" decoding=\"async\" width=\"1023\" height=\"578\" src=\"https:\/\/linitiative.ca\/International\/wp-content\/uploads\/sites\/23\/2021\/10\/BELL1_PRW_0.jpg\" class=\"attachment-post-thumbnail size-post-thumbnail wp-post-image\" alt=\"\" srcset=\"https:\/\/linitiative.ca\/International\/wp-content\/uploads\/sites\/23\/2021\/10\/BELL1_PRW_0.jpg 1023w, https:\/\/www.journalducameroun.com\/wp-content\/uploads\/2017\/02\/BELL1_PRW_0-300x170.jpg 300w, https:\/\/www.journalducameroun.com\/wp-content\/uploads\/2017\/02\/BELL1_PRW_0-768x434.jpg 768w, https:\/\/www.journalducameroun.com\/wp-content\/uploads\/2017\/02\/BELL1_PRW_0-780x440.jpg 780w, https:\/\/www.journalducameroun.com\/wp-content\/uploads\/2017\/02\/BELL1_PRW_0-380x215.jpg 380w, https:\/\/www.journalducameroun.com\/wp-content\/uploads\/2017\/02\/BELL1_PRW_0-160x90.jpg 160w, https:\/\/www.journalducameroun.com\/wp-content\/uploads\/2017\/02\/BELL1_PRW_0-240x135.jpg 240w, https:\/\/www.journalducameroun.com\/wp-content\/uploads\/2017\/02\/BELL1_PRW_0-779x440.jpg 779w, https:\/\/www.journalducameroun.com\/wp-content\/uploads\/2017\/02\/BELL1_PRW_0-600x339.jpg 600w\" sizes=\"auto, (max-width: 1023px) 100vw, 1023px\"><\/p>\n<h5>C&rsquo;\u00e9tait ce 16 octobre 2021 \u00e0 l&rsquo;occasion de la visite sp\u00e9ciale d&rsquo;inspection des infrastructures retenues pour la 33e Coupe d&rsquo;Afrique des nations qui se disputera au pays du 9 janvier au 6 f\u00e9vrier 2022.<\/h5>\n<p>\u00a0<\/p>\n<p>\u00a0<\/p>\n<p>\u00a0<\/p>\n<p>Soyez-en rassur\u00e9s, pour la prochaine\u00a0 CAN, <strong>Ferdinand Ngoh Ngoh<\/strong> ne va ni remplacer Choupo Moting ou encore Aboubakar Vincent \u00e0 la pointe\u00a0 de l&rsquo;attaque de des Lions indomptables. Car m\u00eame s&rsquo;il peut marquer des buts, il les fera essentiellement depuis son poste de Secr\u00e9taire g\u00e9n\u00e9ral \u00e0 la pr\u00e9sidence de la R\u00e9publique.<\/p>\n<p>Mais hier \u00e0 Douala, le ministre d&rsquo;\u00c9tat,\u00a0Secr\u00e9taire g\u00e9n\u00e9ral \u00e0 la pr\u00e9sidence de la R\u00e9publique\u00a0s&rsquo;est retrouv\u00e9 dans la surface de r\u00e9paration d&rsquo;un stade Douala avec l&rsquo;ancien portier des Lions indomptables <strong>Joseph Antoine Bell<\/strong>. A l&rsquo;occasion de la <a href=\"https:\/\/www.journalducameroun.com\/cameroun-ferdinand-ngoh-ngoh-a-la-tete-dune-mission-speciale-dinspection-des-stades-de-la-can-2021-cameroun\/\">visite sp\u00e9ciale d&rsquo;inspection des infrastructures retenues pour abriter la CAN TotalEnergies 2021. <\/a><\/p>\n<p>Face au ballon et en tenue d&rsquo;entra\u00eenement des Lions, le proche collaborateur du chef de l&rsquo;\u00c9tat <strong>Paul Biya<\/strong>\u00a0 accepte de recevoir un cours de r\u00e9alisme face au gardien de but. En posture d&rsquo;entra\u00eeneur, Joseph Antoine Bell donne apprend comment tromper le gardien dans une position de face \u00e0 face. Cela donne ce qui suit en vid\u00e9o.<\/p>\n<div style=\"width: 640px;\" class=\"wp-video\"><video class=\"wp-video-shortcode\" id=\"video-130249-1\" width=\"640\" height=\"362\" preload=\"metadata\" controls=\"controls\"><source type=\"video\/mp4\" src=\"https:\/\/www.journalducameroun.com\/wp-content\/uploads\/2021\/10\/VID-20211016-WA0020.mp4?_=1\" \/><a href=\"https:\/\/www.journalducameroun.com\/wp-content\/uploads\/2021\/10\/VID-20211016-WA0020.mp4\">https:\/\/www.journalducameroun.com\/wp-content\/uploads\/2021\/10\/VID-20211016-WA0020.mp4<\/a><\/video><\/div>\n<p>C&rsquo;est qu&rsquo;il se d\u00e9gage beaucoup d&rsquo;ambiance et de d\u00e9contraction au sein de la d\u00e9l\u00e9gation du SGPR, form\u00e9e entre autres d&rsquo;anciennes vedettes africaines du football, des journalistes, des ministres, des dirigeants de football et d&rsquo;autres personnalit\u00e9s de la R\u00e9publique.<\/p>\n<p>L&rsquo;autre moment d&rsquo;attraction du d\u00e9but de cette tourn\u00e9e dont l&rsquo;un des objectifs est de confirmer que le\u00a0pays est pr\u00eat pour abriter la CAN, est sans doute cette tentative de rachat par tir au but de l&rsquo;ancien attaquant s\u00e9n\u00e9galais El Hadj Diouf face \u00e0 l&rsquo;ex gardien de but camerounais Alioum Boukar. Malheureusement comme \u00e0 la finale de la CAN 2002 au Mali, Diouf\u00a0 manque de mettre la balle au fond du filet.<\/p>\n<div style=\"width: 240px;\" class=\"wp-video\"><video class=\"wp-video-shortcode\" id=\"video-130249-2\" width=\"240\" height=\"432\" preload=\"metadata\" controls=\"controls\"><source type=\"video\/mp4\" src=\"https:\/\/www.journalducameroun.com\/wp-content\/uploads\/2021\/10\/VID-20211017-WA0002.mp4?_=2\" \/><a href=\"https:\/\/www.journalducameroun.com\/wp-content\/uploads\/2021\/10\/VID-20211017-WA0002.mp4\">https:\/\/www.journalducameroun.com\/wp-content\/uploads\/2021\/10\/VID-20211017-WA0002.mp4<\/a><\/video><\/div>\n<p>A noter que la tourn\u00e9e s&rsquo;ach\u00e8ve le 23 octobre prochain.<\/p>\n<p>Apr\u00e8s les infrastructures de Douala, ce sera au tour de celles du site de Bafoussam d&rsquo;accueillir Ferdinand Ngoh Ngoh et sa suite.<\/p>\n<p>\u00a0<\/p>\n<p>\u00a0<\/p>\n<p>\u00a0<\/p>\n<p>Cet article <a rel=\"nofollow\" href=\"https:\/\/www.journalducameroun.com\/cameroun-lex-gardien-joseph-antoine-bell-apprend-au-sg-de-la-presidence-comment-marquer-un-but-cameroun\/\">Cameroun : l\u2019ex gardien Joseph Antoine Bell apprend au SG de la pr\u00e9sidence comment marquer un but<\/a> est apparu en premier sur <a rel=\"nofollow\" href=\"https:\/\/www.journalducameroun.com\/\">Journal du Cameroun<\/a>.<\/p>\n<\/div>\n<p>Auteur: Christian DJIMADEU<br \/>\n<a href=\"https:\/\/www.journalducameroun.com\/cameroun-lex-gardien-joseph-antoine-bell-apprend-au-sg-de-la-presidence-comment-marquer-un-but-cameroun\/\">Cliquez ici pour lire l&rsquo;article depuis sa source.<\/a><\/p>\n","protected":false},"excerpt":{"rendered":"<p>C&rsquo;\u00e9tait ce 16 octobre 2021 \u00e0 l&rsquo;occasion de la visite sp\u00e9ciale d&rsquo;inspection des infrastructures retenues pour la 33e Coupe d&rsquo;Afrique des nations qui se disputera au pays du 9 janvier au 6 f\u00e9vrier 2022. \u00a0 \u00a0 \u00a0 Soyez-en rassur\u00e9s, pour la prochaine\u00a0 CAN, Ferdinand Ngoh Ngoh ne va ni remplacer Choupo Moting ou encore Aboubakar [&hellip;]<\/p>\n","protected":false},"author":1965,"featured_media":0,"comment_status":"closed","ping_status":"closed","sticky":false,"template":"","format":"standard","meta":{"fifu_image_url":"https:\/\/www.journalducameroun.com\/wp-content\/uploads\/2017\/02\/BELL1_PRW_0.jpg","fifu_image_alt":"Cameroun : l\u2019ex gardien Joseph Antoine Bell apprend au SG de la pr\u00e9sidence comment marquer un but","footnotes":""},"categories":[73,82],"tags":[],"class_list":["post-130249","post","type-post","status-publish","format-standard","hentry","category-actualite","category-cameroun"],"_links":{"self":[{"href":"https:\/\/linitiative.ca\/International\/wp-json\/wp\/v2\/posts\/130249","targetHints":{"allow":["GET"]}}],"collection":[{"href":"https:\/\/linitiative.ca\/International\/wp-json\/wp\/v2\/posts"}],"about":[{"href":"https:\/\/linitiative.ca\/International\/wp-json\/wp\/v2\/types\/post"}],"author":[{"embeddable":true,"href":"https:\/\/linitiative.ca\/International\/wp-json\/wp\/v2\/users\/1965"}],"replies":[{"embeddable":true,"href":"https:\/\/linitiative.ca\/International\/wp-json\/wp\/v2\/comments?post=130249"}],"version-history":[{"count":0,"href":"https:\/\/linitiative.ca\/International\/wp-json\/wp\/v2\/posts\/130249\/revisions"}],"wp:attachment":[{"href":"https:\/\/linitiative.ca\/International\/wp-json\/wp\/v2\/media?parent=130249"}],"wp:term":[{"taxonomy":"category","embeddable":true,"href":"https:\/\/linitiative.ca\/International\/wp-json\/wp\/v2\/categories?post=130249"},{"taxonomy":"post_tag","embeddable":true,"href":"https:\/\/linitiative.ca\/International\/wp-json\/wp\/v2\/tags?post=130249"}],"curies":[{"name":"wp","href":"https:\/\/api.w.org\/{rel}","templated":true}]}}