{"id":130253,"date":"2021-10-17T15:18:02","date_gmt":"2021-10-17T19:18:02","guid":{"rendered":"https:\/\/linitiative.ca\/International\/maroc-le-conseil-des-ministres-examine-le-projet-de-loi-de-finances-et-adopte-nombre-daccords-internationaux\/"},"modified":"2021-10-17T15:18:02","modified_gmt":"2021-10-17T19:18:02","slug":"maroc-le-conseil-des-ministres-examine-le-projet-de-loi-de-finances-et-adopte-nombre-daccords-internationaux","status":"publish","type":"post","link":"https:\/\/linitiative.ca\/International\/maroc-le-conseil-des-ministres-examine-le-projet-de-loi-de-finances-et-adopte-nombre-daccords-internationaux\/","title":{"rendered":"Maroc : Le Conseil des ministres examine le projet de loi de finances et adopte nombre d\u2019accords internationaux"},"content":{"rendered":"<div>\n<p><img loading=\"lazy\" decoding=\"async\" width=\"1600\" height=\"1067\" src=\"https:\/\/linitiative.ca\/International\/wp-content\/uploads\/sites\/23\/2021\/10\/16344982824050.jpg\" class=\"attachment-post-thumbnail size-post-thumbnail wp-post-image\" alt=\"\" srcset=\"https:\/\/linitiative.ca\/International\/wp-content\/uploads\/sites\/23\/2021\/10\/16344982824050.jpg 1600w, https:\/\/www.journalducameroun.com\/wp-content\/uploads\/2021\/10\/16344982824050-300x200.jpg 300w, https:\/\/www.journalducameroun.com\/wp-content\/uploads\/2021\/10\/16344982824050-768x512.jpg 768w, https:\/\/www.journalducameroun.com\/wp-content\/uploads\/2021\/10\/16344982824050-1024x683.jpg 1024w, https:\/\/www.journalducameroun.com\/wp-content\/uploads\/2021\/10\/16344982824050-660x440.jpg 660w, https:\/\/www.journalducameroun.com\/wp-content\/uploads\/2021\/10\/16344982824050-600x400.jpg 600w\" sizes=\"auto, (max-width: 1600px) 100vw, 1600px\"><\/p>\n<p>Le Roi Mohammed VI a pr\u00e9sid\u00e9 ce dimanche \u00e0 F\u00e8s, un Conseil des ministres, consacr\u00e9 \u00e0 l&rsquo;examen des orientations g\u00e9n\u00e9rales du Projet de loi de finances pour l&rsquo;ann\u00e9e budg\u00e9taire 2022, l&rsquo;adoption d&rsquo;un projet de loi organique et de nombre d&rsquo;accords internationaux, ainsi qu&rsquo;\u00e0 des nominations aux fonctions sup\u00e9rieures.Au d\u00e9but des travaux du Conseil, la ministre de l&rsquo;\u00c9conomie et des Finances a pr\u00e9sent\u00e9 un expos\u00e9 sur les orientations g\u00e9n\u00e9rales du Projet de loi de finances pour l&rsquo;ann\u00e9e 2022, indique un communiqu\u00e9 lu par le porte-parole du palais royal.<\/p>\n<p>La ministre a affirm\u00e9 que ce projet a \u00e9t\u00e9 \u00e9labor\u00e9 dans un contexte marqu\u00e9 par l&rsquo;\u00e9mergence de signes d&rsquo;une reprise de l&rsquo;\u00e9conomie nationale, les enseignements tir\u00e9s de la gestion de la crise pand\u00e9mique et le d\u00e9but de la mise en \u0153uvre du Mod\u00e8le de d\u00e9veloppement en tant que responsabilit\u00e9 nationale n\u00e9cessitant la participation de toutes les \u00e9nergies et forces vives du pays.<\/p>\n<p>Le gouvernement a veill\u00e9 \u00e0 ce que le Projet de loi de finances soit un point de d\u00e9part pour la mise en \u0153uvre des Hautes Orientations Royales et du programme gouvernemental.<\/p>\n<p>Les orientations g\u00e9n\u00e9rales du projet de loi de finances pour l&rsquo;ann\u00e9e 2022 reposent sur quatre axes. Il s&rsquo;agit premi\u00e8rement de la consolidation des bases de la relance de l&rsquo;\u00e9conomie nationale, \u00e0 l&rsquo;effet de permettre aux diff\u00e9rents secteurs de reprendre leur dynamisme ainsi que d&rsquo;am\u00e9liorer leur capacit\u00e9 \u00e0 pr\u00e9server les emplois et d&rsquo;en cr\u00e9er d&rsquo;autres. Il s&rsquo;agit \u00e9galement de la poursuite de la mise en \u0153uvre du Plan de relance de l&rsquo;\u00e9conomie nationale ainsi que l&rsquo;op\u00e9rationnalisation du Fonds Mohammed VI pour l&rsquo;Investissement, la mise en place de la charte de l&rsquo;investissement, l&rsquo;am\u00e9lioration du climat des affaires et la mise en \u0153uvre de la loi-cadre relative \u00e0 la r\u00e9forme fiscale.<\/p>\n<p>Deuxi\u00e8mement : Le renforcement des m\u00e9canismes d&rsquo;inclusion et l&rsquo;avancement dans la g\u00e9n\u00e9ralisation de la protection sociale. Outre la poursuite de la mise en \u0153uvre de la g\u00e9n\u00e9ralisation de l&rsquo;Assurance Maladie Obligatoire de base au profit des travailleurs non-salari\u00e9s, l&rsquo;ann\u00e9e 2022 marquera le lancement de la deuxi\u00e8me phase de ce grand chantier portant sur l&rsquo;\u00e9largissement de la population b\u00e9n\u00e9ficiaire aux cat\u00e9gories vuln\u00e9rables et pauvres.<\/p>\n<p>En parall\u00e8le, les mesures n\u00e9cessaires seront prises pour la g\u00e9n\u00e9ralisation progressive des allocations familiales, \u00e0 travers la mise en \u0153uvre du Registre Social Unifi\u00e9, une attention particuli\u00e8re sera accord\u00e9e \u00e0 l&rsquo;int\u00e9gration sociale des personnes en situation de handicap, en plus d&rsquo;\u00e9riger la promotion de l&rsquo;\u00e9galit\u00e9 des sexes dans divers domaines \u00e9conomiques et sociaux parmi les priorit\u00e9s de l&rsquo;action gouvernementale.<\/p>\n<p>Le troisi\u00e8me axe porte sur renforcement du capital humain, en prenant les mesures n\u00e9cessaires visant \u00e0 permettre \u00e0 l&rsquo;\u00e9cole publique de retrouver son double r\u00f4le de transfert du savoir et de promotion sociale.<\/p>\n<p>Le gouvernement \u0153uvrera aussi au lancement d&rsquo;une r\u00e9forme profonde du syst\u00e8me de sant\u00e9 de mani\u00e8re \u00e0 r\u00e9habiliter le secteur de la sant\u00e9 et accompagner le chantier de la g\u00e9n\u00e9ralisation de la protection sociale.<\/p>\n<p>Le quatri\u00e8me axe pr\u00e9voit \u00a0la r\u00e9forme du secteur public et le renforcement des m\u00e9canismes de gouvernance , \u00e0 travers l&rsquo;acc\u00e9l\u00e9ration de la mise en \u0153uvre du chantier de la r\u00e9gionalisation avanc\u00e9e, la mise en place des mesures n\u00e9cessaires pour la concr\u00e9tisation des dispositions de la loi-cadre relative \u00e0 la r\u00e9forme des \u00c9tablissements et Entreprises Publics, et l&rsquo;op\u00e9rationnalisation de l&rsquo;Agence nationale de la gestion strat\u00e9gique des participations de l&rsquo;Etat.<\/p>\n<p>Il en est \u00e9galement de l&rsquo;acc\u00e9l\u00e9ration de la r\u00e9forme de l&rsquo;administration, \u00e0 travers l&rsquo;activation de la Charte des services publics et du chantier de la simplification des proc\u00e9dures administratives, la g\u00e9n\u00e9ralisation de l&rsquo;administration num\u00e9rique, ainsi que la concr\u00e9tisation de la Charte de la d\u00e9concentration administrative.<\/p>\n<p>Dans le cadre de la consolidation des relations de coop\u00e9ration et de partenariat liant le Maroc \u00e0 plusieurs pays et du renforcement de sa position aux niveaux continental et international, le Conseil des ministres a approuv\u00e9 sept accords internationaux, dont quatre bilat\u00e9raux et trois multilat\u00e9raux.<\/p>\n<p>A l&rsquo;issue des travaux du Conseil, le Roi a proc\u00e9d\u00e9 \u00e0 la nomination de Mohamed Benchaaboun, ambassadeur du Maroc en France et de Youssef Amrani, ambassadeur du Maroc \u00e0 l&rsquo;Union europ\u00e9enne.<\/p>\n<p>Cet article <a rel=\"nofollow\" href=\"https:\/\/www.journalducameroun.com\/maroc-le-conseil-des-ministres-examine-le-projet-de-loi-de-finances-et-adopte-nombre-daccords-internationaux\/\">Maroc : Le Conseil des ministres examine le projet de loi de finances et adopte nombre d\u2019accords internationaux<\/a> est apparu en premier sur <a rel=\"nofollow\" href=\"https:\/\/www.journalducameroun.com\/\">Journal du Cameroun<\/a>.<\/p>\n<\/div>\n<p>Auteur: APA News<br \/>\n<a href=\"https:\/\/www.journalducameroun.com\/maroc-le-conseil-des-ministres-examine-le-projet-de-loi-de-finances-et-adopte-nombre-daccords-internationaux\/\">Cliquez ici pour lire l&rsquo;article depuis sa source.<\/a><\/p>\n","protected":false},"excerpt":{"rendered":"<p>Le Roi Mohammed VI a pr\u00e9sid\u00e9 ce dimanche \u00e0 F\u00e8s, un Conseil des ministres, consacr\u00e9 \u00e0 l&rsquo;examen des orientations g\u00e9n\u00e9rales du Projet de loi de finances pour l&rsquo;ann\u00e9e budg\u00e9taire 2022, l&rsquo;adoption d&rsquo;un projet de loi organique et de nombre d&rsquo;accords internationaux, ainsi qu&rsquo;\u00e0 des nominations aux fonctions sup\u00e9rieures.Au d\u00e9but des travaux du Conseil, la ministre [&hellip;]<\/p>\n","protected":false},"author":1965,"featured_media":0,"comment_status":"closed","ping_status":"closed","sticky":false,"template":"","format":"standard","meta":{"fifu_image_url":"https:\/\/www.journalducameroun.com\/wp-content\/uploads\/2021\/10\/16344982824050.jpg","fifu_image_alt":"Maroc : Le Conseil des ministres examine le projet de loi de finances et adopte nombre d\u2019accords internationaux","footnotes":""},"categories":[73,82],"tags":[],"class_list":["post-130253","post","type-post","status-publish","format-standard","hentry","category-actualite","category-cameroun"],"_links":{"self":[{"href":"https:\/\/linitiative.ca\/International\/wp-json\/wp\/v2\/posts\/130253","targetHints":{"allow":["GET"]}}],"collection":[{"href":"https:\/\/linitiative.ca\/International\/wp-json\/wp\/v2\/posts"}],"about":[{"href":"https:\/\/linitiative.ca\/International\/wp-json\/wp\/v2\/types\/post"}],"author":[{"embeddable":true,"href":"https:\/\/linitiative.ca\/International\/wp-json\/wp\/v2\/users\/1965"}],"replies":[{"embeddable":true,"href":"https:\/\/linitiative.ca\/International\/wp-json\/wp\/v2\/comments?post=130253"}],"version-history":[{"count":0,"href":"https:\/\/linitiative.ca\/International\/wp-json\/wp\/v2\/posts\/130253\/revisions"}],"wp:attachment":[{"href":"https:\/\/linitiative.ca\/International\/wp-json\/wp\/v2\/media?parent=130253"}],"wp:term":[{"taxonomy":"category","embeddable":true,"href":"https:\/\/linitiative.ca\/International\/wp-json\/wp\/v2\/categories?post=130253"},{"taxonomy":"post_tag","embeddable":true,"href":"https:\/\/linitiative.ca\/International\/wp-json\/wp\/v2\/tags?post=130253"}],"curies":[{"name":"wp","href":"https:\/\/api.w.org\/{rel}","templated":true}]}}